{"id":7510,"date":"2025-02-09T18:36:08","date_gmt":"2025-02-09T18:36:08","guid":{"rendered":"https:\/\/haberbesiktas.tr\/?p=7510"},"modified":"2025-02-09T18:36:08","modified_gmt":"2025-02-09T18:36:08","slug":"real-madridden-4-gol-ve-liderlik","status":"publish","type":"post","link":"https:\/\/haberbesiktas.tr\/?p=7510","title":{"rendered":"Real Madrid&#8217;den 4 gol ve liderlik!"},"content":{"rendered":"<div>\u0130spanya La Liga&#8217;n\u0131n 20. haftas\u0131nda Real Madrid, alan\u0131nda Las Palmas ile kar\u015f\u0131 kar\u015f\u0131ya geldi. Santiago Bernabeu&#8217;daki ma\u00e7\u0131 Real Madrid, 4-1&#8217;lik skorla kazand\u0131.<\/p>\n<p> Las Palmas, m\u00fcsabakan\u0131n \u015fimdi 27. saniyesinde Fabio Silva ile \u00f6ne ge\u00e7ti. Real Madrid&#8217;de Kylian Mbappe, 18&#8217;de penalt\u0131dan att\u0131\u011f\u0131 golle skoru 1-1&#8217;e getirdi. Real Madrid, 33&#8217;te Brahim Diaz ve 36&#8217;da Kylian Mbappe&#8217;nin att\u0131\u011f\u0131 gollerle soyunma odas\u0131na 3-1 \u00f6nde gitti.<\/p>\n<p> Real Madrid, Rodrygo&#8217;nun 57. dakikas\u0131nda gol\u00fcyle durumu 4-1&#8217;e getirdi.<\/p>\n<p><img decoding=\"async\" src=\"https:\/\/haberbesiktas.tr\/wp-content\/uploads\/2025\/02\/real-madridden-4-gol-ve-liderlik-0-HSmtQsXg.jpg\"\/><\/p>\n<p> Las Palmas&#8217;ta Benito Ramirez, 64. dakikada direkt k\u0131rm\u0131z\u0131 kart g\u00f6rd\u00fc ve kadrosunu 10 ki\u015fi b\u0131rakt\u0131.<\/p>\n<p> Kalan dakikalarda \u00f6teki gol olmad\u0131 ve Real Madrid, Las Palmas&#8217;\u0131 4-1 ma\u011flup etti.<\/p>\n<p> Real Madrid&#8217;de m\u00fcsabakaya yedek kul\u00fcbesinde ba\u015flayan ulusal futbolcu Arda G\u00fcler, 76. dakikada Brahim Diaz yerine oyuna dahil oldu. \u0130spanyol devinde uzun m\u00fcddetli sakatl\u0131\u011f\u0131n\u0131 atlatan David Alaba da m\u00fcsabakan\u0131n 76. dakikas\u0131nda oyuna dahil oldu ve 399 g\u00fcn sonra ye\u015fil alanlara geri d\u00f6nd\u00fc.<\/p>\n<p> Bu sonucun akabinde Real Madrid, ligde puan\u0131n\u0131 46 yapt\u0131 ve liderli\u011fe y\u00fckseldi. Las Palmas, 22 puanda kald\u0131.<\/p>\n<p> Ligin bir sonraki haftas\u0131nda Real Madrid, Valladolid ile deplasmanda kar\u015f\u0131 kar\u015f\u0131ya gelecek. Las Palmas ise alan\u0131nda Osasuna&#8217;y\u0131 a\u011f\u0131rlayacak.<\/p>\n<p>https:\/\/twitter.com\/sporxtv\/status\/1881000120499802486<\/p>\n<p>https:\/\/twitter.com\/sporxtv\/status\/1881000105215676682<\/p>\n<p>https:\/\/twitter.com\/sporxtv\/status\/1881003181087523049<\/p>\n<p>https:\/\/twitter.com\/sporxtv\/status\/1881008115027730883<\/p>\n<p>https:\/\/twitter.com\/sporxtv\/status\/1881025946435932207<\/p>\n<\/p><\/div>\n","protected":false},"excerpt":{"rendered":"<p>\u0130spanya La Liga&#8217;da Real Madrid, alan\u0131nda Las Palmas&#8217;\u0131 4-1 ma\u011flup etti ve liderli\u011fe y\u00fckseldi.<\/p>\n","protected":false},"author":1,"featured_media":7511,"comment_status":"open","ping_status":"open","sticky":false,"template":"","format":"standard","meta":{"footnotes":""},"categories":[25],"tags":[621,364],"class_list":["post-7510","post","type-post","status-publish","format-standard","has-post-thumbnail","hentry","category-futbol","tag-las-palmas","tag-real-madrid"],"_links":{"self":[{"href":"https:\/\/haberbesiktas.tr\/index.php?rest_route=\/wp\/v2\/posts\/7510","targetHints":{"allow":["GET"]}}],"collection":[{"href":"https:\/\/haberbesiktas.tr\/index.php?rest_route=\/wp\/v2\/posts"}],"about":[{"href":"https:\/\/haberbesiktas.tr\/index.php?rest_route=\/wp\/v2\/types\/post"}],"author":[{"embeddable":true,"href":"https:\/\/haberbesiktas.tr\/index.php?rest_route=\/wp\/v2\/users\/1"}],"replies":[{"embeddable":true,"href":"https:\/\/haberbesiktas.tr\/index.php?rest_route=%2Fwp%2Fv2%2Fcomments&post=7510"}],"version-history":[{"count":1,"href":"https:\/\/haberbesiktas.tr\/index.php?rest_route=\/wp\/v2\/posts\/7510\/revisions"}],"predecessor-version":[{"id":7513,"href":"https:\/\/haberbesiktas.tr\/index.php?rest_route=\/wp\/v2\/posts\/7510\/revisions\/7513"}],"wp:featuredmedia":[{"embeddable":true,"href":"https:\/\/haberbesiktas.tr\/index.php?rest_route=\/wp\/v2\/media\/7511"}],"wp:attachment":[{"href":"https:\/\/haberbesiktas.tr\/index.php?rest_route=%2Fwp%2Fv2%2Fmedia&parent=7510"}],"wp:term":[{"taxonomy":"category","embeddable":true,"href":"https:\/\/haberbesiktas.tr\/index.php?rest_route=%2Fwp%2Fv2%2Fcategories&post=7510"},{"taxonomy":"post_tag","embeddable":true,"href":"https:\/\/haberbesiktas.tr\/index.php?rest_route=%2Fwp%2Fv2%2Ftags&post=7510"}],"curies":[{"name":"wp","href":"https:\/\/api.w.org\/{rel}","templated":true}]}}