{"id":7514,"date":"2025-02-09T18:48:09","date_gmt":"2025-02-09T18:48:09","guid":{"rendered":"https:\/\/haberbesiktas.tr\/?p=7514"},"modified":"2025-02-09T18:48:09","modified_gmt":"2025-02-09T18:48:09","slug":"fenerbahcenin-golu-vardan-iptal-oldu","status":"publish","type":"post","link":"https:\/\/haberbesiktas.tr\/?p=7514","title":{"rendered":"Fenerbah\u00e7e&#8217;nin gol\u00fc VAR&#8217;dan iptal oldu!"},"content":{"rendered":"<div>Fenerbah\u00e7e, Adana Demirspor deplasman\u0131nda 50. dakikada Youssef En-Nesyri ile \u00f6ne ge\u00e7ti. Lakin bu gol VAR&#8217;dan iptal edildi.<\/p>\n<p> Bu dakikada orta alanda ya\u015fanan konumda \u0130rfan Can Kahveci, Maestro&#8217;dan topu ald\u0131 ve topu ileriye yanl\u0131\u015fs\u0131z oynad\u0131. Topu alan Edin Dzeko, Youssef En-Nesyri&#8217;yi topla bulu\u015fturdu. Fasl\u0131 futbolcu, topu a\u011flara g\u00f6nderdi.<\/p>\n<p> Adana Demirspor&#8217;da teknik heyet ve futbolcular, hakem Halil Umut Meler&#8217;e Maestro&#8217;ya faul oldu\u011fu istikametinde itirazda bulundu.<\/p>\n<p> Hakem Meler, VAR hakemi Sandi Putros&#8217;tan gelen ihtar sonras\u0131 durumu izledi ve En-Nesyri&#8217;nin gol\u00fcn\u00fc iptal etti.<\/p>\n<p><img decoding=\"async\" src=\"https:\/\/haberbesiktas.tr\/wp-content\/uploads\/2025\/02\/fenerbahcenin-golu-vardan-iptal-oldu-0-zcWsAh6S.jpg\"\/><\/p>\n<\/div>\n","protected":false},"excerpt":{"rendered":"<p>Fenerbah\u00e7e&#8217;nin Adana Demirspor deplasman\u0131nda buldu\u011fu bir gol VAR incelemesinin akabinde faul gerek\u00e7esiyle iptal edildi.<\/p>\n","protected":false},"author":1,"featured_media":7515,"comment_status":"open","ping_status":"open","sticky":false,"template":"","format":"standard","meta":{"footnotes":""},"categories":[25],"tags":[],"class_list":["post-7514","post","type-post","status-publish","format-standard","has-post-thumbnail","hentry","category-futbol"],"_links":{"self":[{"href":"https:\/\/haberbesiktas.tr\/index.php?rest_route=\/wp\/v2\/posts\/7514","targetHints":{"allow":["GET"]}}],"collection":[{"href":"https:\/\/haberbesiktas.tr\/index.php?rest_route=\/wp\/v2\/posts"}],"about":[{"href":"https:\/\/haberbesiktas.tr\/index.php?rest_route=\/wp\/v2\/types\/post"}],"author":[{"embeddable":true,"href":"https:\/\/haberbesiktas.tr\/index.php?rest_route=\/wp\/v2\/users\/1"}],"replies":[{"embeddable":true,"href":"https:\/\/haberbesiktas.tr\/index.php?rest_route=%2Fwp%2Fv2%2Fcomments&post=7514"}],"version-history":[{"count":1,"href":"https:\/\/haberbesiktas.tr\/index.php?rest_route=\/wp\/v2\/posts\/7514\/revisions"}],"predecessor-version":[{"id":7517,"href":"https:\/\/haberbesiktas.tr\/index.php?rest_route=\/wp\/v2\/posts\/7514\/revisions\/7517"}],"wp:featuredmedia":[{"embeddable":true,"href":"https:\/\/haberbesiktas.tr\/index.php?rest_route=\/wp\/v2\/media\/7515"}],"wp:attachment":[{"href":"https:\/\/haberbesiktas.tr\/index.php?rest_route=%2Fwp%2Fv2%2Fmedia&parent=7514"}],"wp:term":[{"taxonomy":"category","embeddable":true,"href":"https:\/\/haberbesiktas.tr\/index.php?rest_route=%2Fwp%2Fv2%2Fcategories&post=7514"},{"taxonomy":"post_tag","embeddable":true,"href":"https:\/\/haberbesiktas.tr\/index.php?rest_route=%2Fwp%2Fv2%2Ftags&post=7514"}],"curies":[{"name":"wp","href":"https:\/\/api.w.org\/{rel}","templated":true}]}}