{"id":7521,"date":"2025-02-09T19:24:09","date_gmt":"2025-02-09T19:24:09","guid":{"rendered":"https:\/\/haberbesiktas.tr\/?p=7521"},"modified":"2025-02-09T19:24:09","modified_gmt":"2025-02-09T19:24:09","slug":"adanada-kirmizi-kart-cikti","status":"publish","type":"post","link":"https:\/\/haberbesiktas.tr\/?p=7521","title":{"rendered":"Adana&#8217;da k\u0131rm\u0131z\u0131 kart \u00e7\u0131kt\u0131!"},"content":{"rendered":"<div>Adana Demirspor, alan\u0131nda Fenerbah\u00e7e ile kar\u015f\u0131 kar\u015f\u0131ya geldi\u011fi ma\u00e7ta 10 ki\u015fi kald\u0131.<\/p>\n<p> \u00c7aban\u0131n 56. dakikas\u0131nda orta alanda ya\u015fanan Yusuf Barasi &#8211; Mert M\u00fcld\u00fcr gayreti sonras\u0131 hakem Halil Umut Meler, Barasi&#8217;ye direkt k\u0131rm\u0131z\u0131 kart g\u00f6sterdi.<\/p>\n<p> Adana Demirsporlu futbolcular ve teknik heyet, bu karara itirazda bulundu. Hakem Meler&#8217;in karar\u0131 de\u011fi\u015fmedi.<\/p>\n<p><img decoding=\"async\" src=\"https:\/\/haberbesiktas.tr\/wp-content\/uploads\/2025\/02\/adanada-kirmizi-kart-cikti-0-fA5E8H97.jpg\"\/><\/p>\n<p><img decoding=\"async\" src=\"https:\/\/haberbesiktas.tr\/wp-content\/uploads\/2025\/02\/adanada-kirmizi-kart-cikti-1-UUQyCGvn.jpg\"\/><\/p>\n<\/div>\n","protected":false},"excerpt":{"rendered":"<p>Adana Demirspor, Yusuf Barasi&#8217;nin k\u0131rm\u0131z\u0131 kart g\u00f6rmesiyle Fenerbah\u00e7e kar\u015f\u0131s\u0131nda 10 ki\u015fi kald\u0131.<\/p>\n","protected":false},"author":1,"featured_media":7522,"comment_status":"open","ping_status":"open","sticky":false,"template":"","format":"standard","meta":{"footnotes":""},"categories":[25],"tags":[],"class_list":["post-7521","post","type-post","status-publish","format-standard","has-post-thumbnail","hentry","category-futbol"],"_links":{"self":[{"href":"https:\/\/haberbesiktas.tr\/index.php?rest_route=\/wp\/v2\/posts\/7521","targetHints":{"allow":["GET"]}}],"collection":[{"href":"https:\/\/haberbesiktas.tr\/index.php?rest_route=\/wp\/v2\/posts"}],"about":[{"href":"https:\/\/haberbesiktas.tr\/index.php?rest_route=\/wp\/v2\/types\/post"}],"author":[{"embeddable":true,"href":"https:\/\/haberbesiktas.tr\/index.php?rest_route=\/wp\/v2\/users\/1"}],"replies":[{"embeddable":true,"href":"https:\/\/haberbesiktas.tr\/index.php?rest_route=%2Fwp%2Fv2%2Fcomments&post=7521"}],"version-history":[{"count":1,"href":"https:\/\/haberbesiktas.tr\/index.php?rest_route=\/wp\/v2\/posts\/7521\/revisions"}],"predecessor-version":[{"id":7525,"href":"https:\/\/haberbesiktas.tr\/index.php?rest_route=\/wp\/v2\/posts\/7521\/revisions\/7525"}],"wp:featuredmedia":[{"embeddable":true,"href":"https:\/\/haberbesiktas.tr\/index.php?rest_route=\/wp\/v2\/media\/7522"}],"wp:attachment":[{"href":"https:\/\/haberbesiktas.tr\/index.php?rest_route=%2Fwp%2Fv2%2Fmedia&parent=7521"}],"wp:term":[{"taxonomy":"category","embeddable":true,"href":"https:\/\/haberbesiktas.tr\/index.php?rest_route=%2Fwp%2Fv2%2Fcategories&post=7521"},{"taxonomy":"post_tag","embeddable":true,"href":"https:\/\/haberbesiktas.tr\/index.php?rest_route=%2Fwp%2Fv2%2Ftags&post=7521"}],"curies":[{"name":"wp","href":"https:\/\/api.w.org\/{rel}","templated":true}]}}