{"id":7607,"date":"2025-02-10T04:36:06","date_gmt":"2025-02-10T04:36:06","guid":{"rendered":"https:\/\/haberbesiktas.tr\/?p=7607"},"modified":"2025-02-10T04:36:06","modified_gmt":"2025-02-10T04:36:06","slug":"jasikevicius-hucumda-cok-yaraticiydik","status":"publish","type":"post","link":"https:\/\/haberbesiktas.tr\/?p=7607","title":{"rendered":"Jasikevicius: &#8220;H\u00fccumda \u00e7ok yarat\u0131c\u0131yd\u0131k&#8221;"},"content":{"rendered":"<div>Fenerbah\u00e7e Beko Ba\u015fantren\u00f6r\u00fc Sarunas Jasikevicius, ligdeki Galatasaray galibiyetinin akabinde konu\u015ftu.<\/p>\n<p> <strong>Kar\u015f\u0131la\u015fman\u0131n akabinde k\u0131sa bir a\u00e7\u0131klama yapan Jasikevicius, \u015fu s\u00f6zleri kulland\u0131;<\/strong><\/p>\n<p> &#8220;Biraz a\u011f\u0131r ve temposuz ba\u015flad\u0131k. Galatasaray d\u00fczg\u00fcn ba\u015flad\u0131. Biz benchten \u00e7ok yeterli takviye ald\u0131k. Hamlede \u00e7ok yarat\u0131c\u0131yd\u0131k. \u0130ki tarafl\u0131 kazanmak laz\u0131m ma\u00e7lar\u0131. Bazen \u015futlar girmez, savunmak zorundas\u0131n\u0131z. Bazen d\u00fczg\u00fcn savunamazs\u0131n\u0131z, atak etmek gerekir. \u0130ki taraf\u0131 da d\u00fczg\u00fcn oynamak gerekir.&#8221;<\/p>\n<\/div>\n","protected":false},"excerpt":{"rendered":"<p>Fenerbah\u00e7e Beko Ba\u015fantren\u00f6r\u00fc Sarunas Jasikevicius, Galatasaray derbisi sonras\u0131 konu\u015ftu.<\/p>\n","protected":false},"author":1,"featured_media":7608,"comment_status":"open","ping_status":"open","sticky":false,"template":"","format":"standard","meta":{"footnotes":""},"categories":[10],"tags":[],"class_list":["post-7607","post","type-post","status-publish","format-standard","has-post-thumbnail","hentry","category-basketbol"],"_links":{"self":[{"href":"https:\/\/haberbesiktas.tr\/index.php?rest_route=\/wp\/v2\/posts\/7607","targetHints":{"allow":["GET"]}}],"collection":[{"href":"https:\/\/haberbesiktas.tr\/index.php?rest_route=\/wp\/v2\/posts"}],"about":[{"href":"https:\/\/haberbesiktas.tr\/index.php?rest_route=\/wp\/v2\/types\/post"}],"author":[{"embeddable":true,"href":"https:\/\/haberbesiktas.tr\/index.php?rest_route=\/wp\/v2\/users\/1"}],"replies":[{"embeddable":true,"href":"https:\/\/haberbesiktas.tr\/index.php?rest_route=%2Fwp%2Fv2%2Fcomments&post=7607"}],"version-history":[{"count":1,"href":"https:\/\/haberbesiktas.tr\/index.php?rest_route=\/wp\/v2\/posts\/7607\/revisions"}],"predecessor-version":[{"id":7609,"href":"https:\/\/haberbesiktas.tr\/index.php?rest_route=\/wp\/v2\/posts\/7607\/revisions\/7609"}],"wp:featuredmedia":[{"embeddable":true,"href":"https:\/\/haberbesiktas.tr\/index.php?rest_route=\/wp\/v2\/media\/7608"}],"wp:attachment":[{"href":"https:\/\/haberbesiktas.tr\/index.php?rest_route=%2Fwp%2Fv2%2Fmedia&parent=7607"}],"wp:term":[{"taxonomy":"category","embeddable":true,"href":"https:\/\/haberbesiktas.tr\/index.php?rest_route=%2Fwp%2Fv2%2Fcategories&post=7607"},{"taxonomy":"post_tag","embeddable":true,"href":"https:\/\/haberbesiktas.tr\/index.php?rest_route=%2Fwp%2Fv2%2Ftags&post=7607"}],"curies":[{"name":"wp","href":"https:\/\/api.w.org\/{rel}","templated":true}]}}