{"id":7610,"date":"2025-02-10T04:48:05","date_gmt":"2025-02-10T04:48:05","guid":{"rendered":"https:\/\/haberbesiktas.tr\/?p=7610"},"modified":"2025-02-10T04:48:05","modified_gmt":"2025-02-10T04:48:05","slug":"yakup-sekizkok-oyuncular-gereken-savasi-verdi","status":"publish","type":"post","link":"https:\/\/haberbesiktas.tr\/?p=7610","title":{"rendered":"Yakup Sekizk\u00f6k: &#8220;Oyuncular gereken sava\u015f\u0131 verdi&#8221;"},"content":{"rendered":"<div>Galatasaray Ba\u015fantren\u00f6r\u00fc Yakup Sekizk\u00f6k, ligdeki Fenerbah\u00e7e Beko ma\u00e7\u0131 sonras\u0131 a\u00e7\u0131klama yapt\u0131.<\/p>\n<p> Sekizk\u00f6k,<strong> &#8220;Oyuncular\u0131m bence gereken sava\u015f\u0131 verdiler alanda. Son bir dakika bir konsantrasyon kayb\u0131 ya\u015fad\u0131k. Onun d\u0131\u015f\u0131nda y\u00fczde y\u00fczlerini verdiler. Fenerbah\u00e7e, \u00e7ok deneyimli ve formda bir ekip. Ge\u00e7en hafta Be\u015fikta\u015f&#8217;\u0131 yendiler. Ligin birinci yar\u0131s\u0131n\u0131n son ma\u00e7\u0131yd\u0131. Galibiyetle kapatmak isterdik. Lakin d\u00f6nem ba\u015f\u0131nda koydu\u011fumuz birinci devre amac\u0131na ula\u015ft\u0131k. Son hafta iki ma\u00e7tan birini kazanabilseydik, bizi tatmin edecek bir say\u0131ya ula\u015facakt\u0131k. Art\u0131k Anadolu Efes ve Fenerbah\u00e7e ma\u00e7lar\u0131yla birinci devre bitti. \u0130kinci devrenin sonunda bu ma\u00e7lardan galibiyet \u00e7\u0131kartacak d\u00fczeye gelmemiz laz\u0131m.&#8221;<\/strong> dedi.<\/p>\n<p> Yakup Sekizk\u00f6k, FIBA \u015eampiyonlar Ligi&#8217;ndeki Saint-Quentin ma\u00e7\u0131 i\u00e7in, <strong>&#8220;Sakatlar\u0131m\u0131z d\u00f6n\u00fcyor. Art\u0131k sal\u0131 g\u00fcn\u00fc \u00e7ok de\u011ferli bir ma\u00e7\u0131m\u0131z var. Bu ma\u00e7\u0131 unutmal\u0131y\u0131z. Vefat kal\u0131m ma\u00e7\u0131 bizim i\u00e7in. Birinci devre olarak iki maksad\u0131m\u0131za de ula\u015fmak istiyoruz. Bug\u00fcnk\u00fc \u00e7abadan \u00f6t\u00fcr\u00fc oyuncular\u0131ma te\u015fekk\u00fcr ediyorum ancak daha da fazlas\u0131na muhta\u00e7l\u0131\u011f\u0131m\u0131z oldu\u011funu g\u00f6rd\u00fck bu iki ma\u00e7ta. Bunun i\u00e7in de \u00e7al\u0131\u015fmaya devam edece\u011fiz.<\/strong>&#8221; s\u00f6zlerini kulland\u0131.<\/p>\n<\/div>\n","protected":false},"excerpt":{"rendered":"<p>Galatasaray Ba\u015fantren\u00f6r\u00fc Yakup Sekizk\u00f6k, Fenerbah\u00e7e Beko ma\u00e7\u0131 sonras\u0131 konu\u015ftu.<\/p>\n","protected":false},"author":1,"featured_media":7611,"comment_status":"open","ping_status":"open","sticky":false,"template":"","format":"standard","meta":{"footnotes":""},"categories":[10],"tags":[],"class_list":["post-7610","post","type-post","status-publish","format-standard","has-post-thumbnail","hentry","category-basketbol"],"_links":{"self":[{"href":"https:\/\/haberbesiktas.tr\/index.php?rest_route=\/wp\/v2\/posts\/7610","targetHints":{"allow":["GET"]}}],"collection":[{"href":"https:\/\/haberbesiktas.tr\/index.php?rest_route=\/wp\/v2\/posts"}],"about":[{"href":"https:\/\/haberbesiktas.tr\/index.php?rest_route=\/wp\/v2\/types\/post"}],"author":[{"embeddable":true,"href":"https:\/\/haberbesiktas.tr\/index.php?rest_route=\/wp\/v2\/users\/1"}],"replies":[{"embeddable":true,"href":"https:\/\/haberbesiktas.tr\/index.php?rest_route=%2Fwp%2Fv2%2Fcomments&post=7610"}],"version-history":[{"count":1,"href":"https:\/\/haberbesiktas.tr\/index.php?rest_route=\/wp\/v2\/posts\/7610\/revisions"}],"predecessor-version":[{"id":7612,"href":"https:\/\/haberbesiktas.tr\/index.php?rest_route=\/wp\/v2\/posts\/7610\/revisions\/7612"}],"wp:featuredmedia":[{"embeddable":true,"href":"https:\/\/haberbesiktas.tr\/index.php?rest_route=\/wp\/v2\/media\/7611"}],"wp:attachment":[{"href":"https:\/\/haberbesiktas.tr\/index.php?rest_route=%2Fwp%2Fv2%2Fmedia&parent=7610"}],"wp:term":[{"taxonomy":"category","embeddable":true,"href":"https:\/\/haberbesiktas.tr\/index.php?rest_route=%2Fwp%2Fv2%2Fcategories&post=7610"},{"taxonomy":"post_tag","embeddable":true,"href":"https:\/\/haberbesiktas.tr\/index.php?rest_route=%2Fwp%2Fv2%2Ftags&post=7610"}],"curies":[{"name":"wp","href":"https:\/\/api.w.org\/{rel}","templated":true}]}}