{"id":7767,"date":"2025-02-10T16:12:09","date_gmt":"2025-02-10T16:12:09","guid":{"rendered":"https:\/\/haberbesiktas.tr\/?p=7767"},"modified":"2025-02-10T16:12:09","modified_gmt":"2025-02-10T16:12:09","slug":"galatasaraydan-transfer-aciklamasi","status":"publish","type":"post","link":"https:\/\/haberbesiktas.tr\/?p=7767","title":{"rendered":"Galatasaray&#8217;dan transfer a\u00e7\u0131klamas\u0131!"},"content":{"rendered":"<div>Galatasaray Kul\u00fcb\u00fc Lider Yard\u0131mc\u0131s\u0131 Niyazi Yelkencio\u011flu, sponsorluk mutabakat\u0131 imza merasiminde a\u00e7\u0131klamalar yapt\u0131.<\/p>\n<p> Niyazi Yelkencio\u011flu yapt\u0131\u011f\u0131 a\u00e7\u0131klamada, <strong>&#8220;En yeterli transfer, sessiz y\u00fcr\u00fct\u00fclen transfer. Gazeteler, bir s\u00fcr\u00fc isim yaz\u0131yor. Onlar\u0131 almad\u0131\u011f\u0131n\u0131z vakit ba\u015far\u0131s\u0131z g\u00f6r\u00fcn\u00fcyorsunuz. Transferle ilgilenen arkada\u015flar var, transfer komitesi var. Onlar ellerinden geldi\u011fince en d\u00fczg\u00fcn transferleri almaya \u00e7al\u0131\u015facaklar. Galatasaray, T\u00fcrkiye&#8217;de \u00e7\u0131tay\u0131 y\u00fckseltti. Rakiplerimiz de bizden g\u00f6rerek kaliteli oyuncular getirmeye ba\u015flad\u0131. Gelecek olan oyuncular, art\u0131k olanlardan daha d\u00fc\u015f\u00fck kaliteli olmayacakt\u0131r. Daha kaliteli oyuncular getirmeye \u00e7al\u0131\u015f\u0131yoruz. Galatasarayl\u0131lar merak etmesin, en yeterli oyuncular gelecek. Bu sene \u015fampiyon olaca\u011f\u0131z.&#8221;<\/strong> dedi.<\/p>\n<p> <strong>BANKALAR B\u0130RL\u0130\u011e\u0130 ANLA\u015eMASI&#8217;NDAN \u00c7IKI\u015e<\/strong><\/p>\n<p> Bankalar Birli\u011fi muahedesiyle ilgili de konu\u015fan Niyazi Yelkencio\u011flu,<strong> &#8220;Ba\u015fkan\u0131m\u0131z \u015fu anda bir operasyon ge\u00e7irdi. Hastanede kendisi. Bu projenin ba\u015f\u0131nda kendisi var, proje ilerliyor. Sermaye art\u0131r\u0131m\u0131 yap\u0131ld\u0131. Her \u015fey haz\u0131r. Liderimizin demir \u00fczere d\u00f6nmesini bekliyoruz. En k\u0131sa vakitte a\u00e7\u0131klayacak.&#8221;<\/strong> s\u00f6zlerini kulland\u0131.<\/p>\n<\/div>\n","protected":false},"excerpt":{"rendered":"<p>Galatasaray Kul\u00fcb\u00fc Lider Yard\u0131mc\u0131s\u0131 Niyazi Yelkencio\u011flu, sponsorluk mutabakat\u0131 imza merasiminde a\u00e7\u0131klamalarda bulundu.<\/p>\n","protected":false},"author":1,"featured_media":7768,"comment_status":"open","ping_status":"open","sticky":false,"template":"","format":"standard","meta":{"footnotes":""},"categories":[25],"tags":[48],"class_list":["post-7767","post","type-post","status-publish","format-standard","has-post-thumbnail","hentry","category-futbol","tag-transfer"],"_links":{"self":[{"href":"https:\/\/haberbesiktas.tr\/index.php?rest_route=\/wp\/v2\/posts\/7767","targetHints":{"allow":["GET"]}}],"collection":[{"href":"https:\/\/haberbesiktas.tr\/index.php?rest_route=\/wp\/v2\/posts"}],"about":[{"href":"https:\/\/haberbesiktas.tr\/index.php?rest_route=\/wp\/v2\/types\/post"}],"author":[{"embeddable":true,"href":"https:\/\/haberbesiktas.tr\/index.php?rest_route=\/wp\/v2\/users\/1"}],"replies":[{"embeddable":true,"href":"https:\/\/haberbesiktas.tr\/index.php?rest_route=%2Fwp%2Fv2%2Fcomments&post=7767"}],"version-history":[{"count":1,"href":"https:\/\/haberbesiktas.tr\/index.php?rest_route=\/wp\/v2\/posts\/7767\/revisions"}],"predecessor-version":[{"id":7769,"href":"https:\/\/haberbesiktas.tr\/index.php?rest_route=\/wp\/v2\/posts\/7767\/revisions\/7769"}],"wp:featuredmedia":[{"embeddable":true,"href":"https:\/\/haberbesiktas.tr\/index.php?rest_route=\/wp\/v2\/media\/7768"}],"wp:attachment":[{"href":"https:\/\/haberbesiktas.tr\/index.php?rest_route=%2Fwp%2Fv2%2Fmedia&parent=7767"}],"wp:term":[{"taxonomy":"category","embeddable":true,"href":"https:\/\/haberbesiktas.tr\/index.php?rest_route=%2Fwp%2Fv2%2Fcategories&post=7767"},{"taxonomy":"post_tag","embeddable":true,"href":"https:\/\/haberbesiktas.tr\/index.php?rest_route=%2Fwp%2Fv2%2Ftags&post=7767"}],"curies":[{"name":"wp","href":"https:\/\/api.w.org\/{rel}","templated":true}]}}