{"id":7770,"date":"2025-02-10T16:36:09","date_gmt":"2025-02-10T16:36:09","guid":{"rendered":"https:\/\/haberbesiktas.tr\/?p=7770"},"modified":"2025-02-10T16:36:09","modified_gmt":"2025-02-10T16:36:09","slug":"daigneault-ve-yardimcisi-all-star-takimlarina-kocluk-yapacak","status":"publish","type":"post","link":"https:\/\/haberbesiktas.tr\/?p=7770","title":{"rendered":"Daigneault ve yard\u0131mc\u0131s\u0131, All-Star tak\u0131mlar\u0131na ko\u00e7luk yapacak"},"content":{"rendered":"<div>Oklahoma City Thunder ko\u00e7u Mark Daigneault ve yard\u0131mc\u0131 ko\u00e7unun 2025 All-Star ekiplerinden ikisinin ko\u00e7lu\u011funu \u00fcstlenece\u011fi bildirildi.<\/p>\n<p> NBA, Thunder ba\u015fantren\u00f6r\u00fc Daigneault&#8217;un d\u00f6rt All-Star kadrosundan birine ko\u00e7luk yapaca\u011f\u0131n\u0131 duyurdu. \u0130smi a\u00e7\u0131klanmayan bir Thunder yard\u0131mc\u0131 ko\u00e7unun da d\u00f6rt ekipten birine ko\u00e7luk yapaca\u011f\u0131 belirtildi.<\/p>\n<p> Daigneault bu muvaffakiyet hakk\u0131nda, <strong>&#8220;Bir onur. Bu bahiste tertipte perde gerisinde \u00e7al\u0131\u015fan ve yaln\u0131zca bu d\u00f6nem de\u011fil, evvelki d\u00f6nemlerde da oyuncularla \u00e7al\u0131\u015fan herkese \u00e7ok te\u015fekk\u00fcr ederim. Bu bir yap\u0131yd\u0131 ve bir\u00e7ok ki\u015finin izleri var. Bu y\u00fczden onlara \u00e7ok te\u015fekk\u00fcr ediyorum.&#8221;<\/strong> formunda konu\u015ftu.<\/p>\n<p> NBA bu y\u0131l yeni bir All-Star Ma\u00e7\u0131 format\u0131 deneyecek. Do\u011fu ve Bat\u0131 Konferans\u0131&#8217;n\u0131n her biri i\u00e7in iki 12 ki\u015filik tak\u0131m ve her biri sekiz oyuncudan olu\u015fan \u00fc\u00e7 tak\u0131ma b\u00f6l\u00fcnecek. D\u00f6rd\u00fcnc\u00fc ekip, Y\u00fckselen Y\u0131ld\u0131zlar Ma\u00e7\u0131&#8217;nda galip gelen kadro olacak.<\/p>\n<p> \u00d6teki iki ekip ise, Do\u011fu Konferans\u0131&#8217;nda en uygun dereceyi elde eden ekibin ba\u015fantren\u00f6r\u00fc ve yard\u0131mc\u0131 antren\u00f6r\u00fc taraf\u0131ndan \u00e7al\u0131\u015ft\u0131r\u0131lacak.<\/p>\n<p> Ekipler, kl\u00e2sik All-Star Ma\u00e7\u0131 yerine k\u00fc\u00e7\u00fck bir turnuva oynayacak.<\/p>\n<\/div>\n","protected":false},"excerpt":{"rendered":"<p>Oklahoma City Thunder ko\u00e7u Mark Daigneault ve yard\u0131mc\u0131 ko\u00e7unun 2025 All-Star gruplar\u0131ndan ikisinin ko\u00e7lu\u011funu \u00fcstlenece\u011fi bildirildi.<\/p>\n","protected":false},"author":1,"featured_media":7771,"comment_status":"open","ping_status":"open","sticky":false,"template":"","format":"standard","meta":{"footnotes":""},"categories":[10],"tags":[52],"class_list":["post-7770","post","type-post","status-publish","format-standard","has-post-thumbnail","hentry","category-basketbol","tag-takim"],"_links":{"self":[{"href":"https:\/\/haberbesiktas.tr\/index.php?rest_route=\/wp\/v2\/posts\/7770","targetHints":{"allow":["GET"]}}],"collection":[{"href":"https:\/\/haberbesiktas.tr\/index.php?rest_route=\/wp\/v2\/posts"}],"about":[{"href":"https:\/\/haberbesiktas.tr\/index.php?rest_route=\/wp\/v2\/types\/post"}],"author":[{"embeddable":true,"href":"https:\/\/haberbesiktas.tr\/index.php?rest_route=\/wp\/v2\/users\/1"}],"replies":[{"embeddable":true,"href":"https:\/\/haberbesiktas.tr\/index.php?rest_route=%2Fwp%2Fv2%2Fcomments&post=7770"}],"version-history":[{"count":1,"href":"https:\/\/haberbesiktas.tr\/index.php?rest_route=\/wp\/v2\/posts\/7770\/revisions"}],"predecessor-version":[{"id":7772,"href":"https:\/\/haberbesiktas.tr\/index.php?rest_route=\/wp\/v2\/posts\/7770\/revisions\/7772"}],"wp:featuredmedia":[{"embeddable":true,"href":"https:\/\/haberbesiktas.tr\/index.php?rest_route=\/wp\/v2\/media\/7771"}],"wp:attachment":[{"href":"https:\/\/haberbesiktas.tr\/index.php?rest_route=%2Fwp%2Fv2%2Fmedia&parent=7770"}],"wp:term":[{"taxonomy":"category","embeddable":true,"href":"https:\/\/haberbesiktas.tr\/index.php?rest_route=%2Fwp%2Fv2%2Fcategories&post=7770"},{"taxonomy":"post_tag","embeddable":true,"href":"https:\/\/haberbesiktas.tr\/index.php?rest_route=%2Fwp%2Fv2%2Ftags&post=7770"}],"curies":[{"name":"wp","href":"https:\/\/api.w.org\/{rel}","templated":true}]}}