{"id":7785,"date":"2025-02-10T17:36:07","date_gmt":"2025-02-10T17:36:07","guid":{"rendered":"https:\/\/haberbesiktas.tr\/?p=7785"},"modified":"2025-02-10T17:36:07","modified_gmt":"2025-02-10T17:36:07","slug":"iste-torinonun-cengiz-under-teklifi","status":"publish","type":"post","link":"https:\/\/haberbesiktas.tr\/?p=7785","title":{"rendered":"\u0130\u015fte Torino&#8217;nun Cengiz \u00dcnder teklifi"},"content":{"rendered":"<div>Torino, Cengiz \u00dcnder i\u00e7in Fenerbah\u00e7e&#8217;ye teklifini sundu.<\/p>\n<p> Ya\u011f\u0131z Sabuncuo\u011flu&#8217;nun haberine nazaran; Torino, Cengiz \u00dcnder&#8217;i sat\u0131n alma opsiyonuyla kiralamak istedi. Fenerbah\u00e7e&#8217;ye sunulan teklifte ise 10 milyon euro mecbur\u00ee olmayan sat\u0131n alma opsiyonu konuldu.<\/p>\n<p> \u0130talyan kul\u00fcb\u00fc, Cengiz&#8217;in yar\u0131m d\u00f6nemlik maa\u015f\u0131n\u0131 da kar\u015f\u0131lamay\u0131 taahh\u00fct etti.<\/p>\n<p> <strong>BU D\u00d6NEM SKOR KATKISI YOK<\/strong><\/p>\n<p> Fenerbah\u00e7e, Cengiz \u00dcnder&#8217;i 2023 yaz\u0131nda 15 milyon euro bonservisle Marsilya&#8217;dan transfer etmi\u015fti.<\/p>\n<p> Bu d\u00f6nem 6 ma\u00e7a \u00e7\u0131kan 27 ya\u015f\u0131ndaki futbolcu, 153 dakika m\u00fcddet al\u0131rken skor katk\u0131s\u0131 veremedi.\u00a0<\/p>\n<\/div>\n","protected":false},"excerpt":{"rendered":"<p>Torino, Cengiz \u00dcnder i\u00e7in Fenerbah\u00e7e&#8217;ye 10 milyon euro sat\u0131n alma opsiyonlu kiralama teklifi sundu. \u0130talyan grubu, yar\u0131m d\u00f6nemlik maa\u015f\u0131n tamam\u0131n\u0131 da \u00f6deme taahh\u00fcd\u00fc verdi.<\/p>\n","protected":false},"author":1,"featured_media":7786,"comment_status":"open","ping_status":"open","sticky":false,"template":"","format":"standard","meta":{"footnotes":""},"categories":[25],"tags":[],"class_list":["post-7785","post","type-post","status-publish","format-standard","has-post-thumbnail","hentry","category-futbol"],"_links":{"self":[{"href":"https:\/\/haberbesiktas.tr\/index.php?rest_route=\/wp\/v2\/posts\/7785","targetHints":{"allow":["GET"]}}],"collection":[{"href":"https:\/\/haberbesiktas.tr\/index.php?rest_route=\/wp\/v2\/posts"}],"about":[{"href":"https:\/\/haberbesiktas.tr\/index.php?rest_route=\/wp\/v2\/types\/post"}],"author":[{"embeddable":true,"href":"https:\/\/haberbesiktas.tr\/index.php?rest_route=\/wp\/v2\/users\/1"}],"replies":[{"embeddable":true,"href":"https:\/\/haberbesiktas.tr\/index.php?rest_route=%2Fwp%2Fv2%2Fcomments&post=7785"}],"version-history":[{"count":1,"href":"https:\/\/haberbesiktas.tr\/index.php?rest_route=\/wp\/v2\/posts\/7785\/revisions"}],"predecessor-version":[{"id":7787,"href":"https:\/\/haberbesiktas.tr\/index.php?rest_route=\/wp\/v2\/posts\/7785\/revisions\/7787"}],"wp:featuredmedia":[{"embeddable":true,"href":"https:\/\/haberbesiktas.tr\/index.php?rest_route=\/wp\/v2\/media\/7786"}],"wp:attachment":[{"href":"https:\/\/haberbesiktas.tr\/index.php?rest_route=%2Fwp%2Fv2%2Fmedia&parent=7785"}],"wp:term":[{"taxonomy":"category","embeddable":true,"href":"https:\/\/haberbesiktas.tr\/index.php?rest_route=%2Fwp%2Fv2%2Fcategories&post=7785"},{"taxonomy":"post_tag","embeddable":true,"href":"https:\/\/haberbesiktas.tr\/index.php?rest_route=%2Fwp%2Fv2%2Ftags&post=7785"}],"curies":[{"name":"wp","href":"https:\/\/api.w.org\/{rel}","templated":true}]}}