{"id":7797,"date":"2025-02-10T18:24:05","date_gmt":"2025-02-10T18:24:05","guid":{"rendered":"https:\/\/haberbesiktas.tr\/?p=7797"},"modified":"2025-02-10T18:24:05","modified_gmt":"2025-02-10T18:24:05","slug":"galatasaray-sampiyonlar-liginde-son-16-turu-pesinde","status":"publish","type":"post","link":"https:\/\/haberbesiktas.tr\/?p=7797","title":{"rendered":"Galatasaray \u015eampiyonlar Ligi&#8217;nde son 16 turu pe\u015finde!"},"content":{"rendered":"<div>Galatasaray Erkek Basketbol Tak\u0131m\u0131, \u015eampiyonlar Ligi play-in etab\u0131 \u00fc\u00e7\u00fcnc\u00fc ve son ma\u00e7\u0131nda sal\u0131 g\u00fcn\u00fc Fransa&#8217;n\u0131n Saint-Quentin Basket-Ball kadrosunu konuk edecek.<\/p>\n<p> Basketbol Geli\u015fim Merkezi&#8217;nde oynanacak m\u00fcsabaka saat 20.00&#8217;de ba\u015flayacak.<\/p>\n<p> Sar\u0131-k\u0131rm\u0131z\u0131l\u0131 tak\u0131m, play-in etab\u0131ndaki birinci ma\u00e7\u0131nda konuk etti\u011fi Frans\u0131z temsilcisini 84-63 ma\u011flup etmi\u015f ve seride 1-0 \u00f6ne ge\u00e7mi\u015fti. Galatasaray, ikinci m\u00fcsabakada ise rakibine deplasmanda 90-79 kaybetmi\u015f ve seride durum 1-1&#8217;e gelmi\u015fti.<\/p>\n<p> Serinin \u00fc\u00e7\u00fcnc\u00fc ve son ma\u00e7\u0131nda Saint-Quentin Basket-Ball a\u011f\u0131rlayacak sar\u0131-k\u0131rm\u0131z\u0131l\u0131 grup, taraftar\u0131 \u00f6n\u00fcnde kazanarak tipi ge\u00e7mek istiyor.<\/p>\n<\/div>\n","protected":false},"excerpt":{"rendered":"<p>Galatasaray, Basketbol \u015eampiyonlar Ligi&#8217;nde son 16 tipi i\u00e7in alana \u00e7\u0131kacak.<\/p>\n","protected":false},"author":1,"featured_media":7798,"comment_status":"open","ping_status":"open","sticky":false,"template":"","format":"standard","meta":{"footnotes":""},"categories":[10],"tags":[],"class_list":["post-7797","post","type-post","status-publish","format-standard","has-post-thumbnail","hentry","category-basketbol"],"_links":{"self":[{"href":"https:\/\/haberbesiktas.tr\/index.php?rest_route=\/wp\/v2\/posts\/7797","targetHints":{"allow":["GET"]}}],"collection":[{"href":"https:\/\/haberbesiktas.tr\/index.php?rest_route=\/wp\/v2\/posts"}],"about":[{"href":"https:\/\/haberbesiktas.tr\/index.php?rest_route=\/wp\/v2\/types\/post"}],"author":[{"embeddable":true,"href":"https:\/\/haberbesiktas.tr\/index.php?rest_route=\/wp\/v2\/users\/1"}],"replies":[{"embeddable":true,"href":"https:\/\/haberbesiktas.tr\/index.php?rest_route=%2Fwp%2Fv2%2Fcomments&post=7797"}],"version-history":[{"count":1,"href":"https:\/\/haberbesiktas.tr\/index.php?rest_route=\/wp\/v2\/posts\/7797\/revisions"}],"predecessor-version":[{"id":7799,"href":"https:\/\/haberbesiktas.tr\/index.php?rest_route=\/wp\/v2\/posts\/7797\/revisions\/7799"}],"wp:featuredmedia":[{"embeddable":true,"href":"https:\/\/haberbesiktas.tr\/index.php?rest_route=\/wp\/v2\/media\/7798"}],"wp:attachment":[{"href":"https:\/\/haberbesiktas.tr\/index.php?rest_route=%2Fwp%2Fv2%2Fmedia&parent=7797"}],"wp:term":[{"taxonomy":"category","embeddable":true,"href":"https:\/\/haberbesiktas.tr\/index.php?rest_route=%2Fwp%2Fv2%2Fcategories&post=7797"},{"taxonomy":"post_tag","embeddable":true,"href":"https:\/\/haberbesiktas.tr\/index.php?rest_route=%2Fwp%2Fv2%2Ftags&post=7797"}],"curies":[{"name":"wp","href":"https:\/\/api.w.org\/{rel}","templated":true}]}}