{"id":7800,"date":"2025-02-10T18:48:04","date_gmt":"2025-02-10T18:48:04","guid":{"rendered":"https:\/\/haberbesiktas.tr\/?p=7800"},"modified":"2025-02-10T18:48:04","modified_gmt":"2025-02-10T18:48:04","slug":"besiktas-athletic-bilbao-macininin-hakemi-belli-oldu","status":"publish","type":"post","link":"https:\/\/haberbesiktas.tr\/?p=7800","title":{"rendered":"Be\u015fikta\u015f-Athletic Bilbao ma\u00e7\u0131n\u0131n\u0131n hakemi belli oldu"},"content":{"rendered":"<div>\n<p>Be\u015fikta\u015f UEFA Avrupa Ligi&#8217;nin 7. haftas\u0131nda 22 Ocak \u00c7ar\u015famba g\u00fcn\u00fc alan\u0131nda Athletic Bilbao&#8217;yu konuk edecek.<\/p>\n<p> 18:30&#8217;da ba\u015flayacak m\u00fcsabakada Avusturya Futbol Federasyonu&#8217;ndan Julian Weinberger d\u00fcd\u00fck \u00e7alacak.\u00a0<\/p>\n<p> Julian Weinberger, daha evvel Be\u015fikta\u015f&#8217;\u0131n Neft\u00e7i&#8217;yi 2-1 ma\u011flup etti\u011fi ma\u00e7ta misyon alm\u0131\u015ft\u0131.<\/p>\n<\/div>\n","protected":false},"excerpt":{"rendered":"<p>Be\u015fikta\u015f&#8217;\u0131n Avrupa Ligi&#8217;nde Athletic Bilbao ile oynayaca\u011f\u0131 ma\u00e7\u0131 Avusturya Futbol Federasyonu&#8217;ndan Julian Weinberger y\u00f6netecek.<\/p>\n","protected":false},"author":1,"featured_media":7801,"comment_status":"open","ping_status":"open","sticky":false,"template":"","format":"standard","meta":{"footnotes":""},"categories":[25],"tags":[],"class_list":["post-7800","post","type-post","status-publish","format-standard","has-post-thumbnail","hentry","category-futbol"],"_links":{"self":[{"href":"https:\/\/haberbesiktas.tr\/index.php?rest_route=\/wp\/v2\/posts\/7800","targetHints":{"allow":["GET"]}}],"collection":[{"href":"https:\/\/haberbesiktas.tr\/index.php?rest_route=\/wp\/v2\/posts"}],"about":[{"href":"https:\/\/haberbesiktas.tr\/index.php?rest_route=\/wp\/v2\/types\/post"}],"author":[{"embeddable":true,"href":"https:\/\/haberbesiktas.tr\/index.php?rest_route=\/wp\/v2\/users\/1"}],"replies":[{"embeddable":true,"href":"https:\/\/haberbesiktas.tr\/index.php?rest_route=%2Fwp%2Fv2%2Fcomments&post=7800"}],"version-history":[{"count":1,"href":"https:\/\/haberbesiktas.tr\/index.php?rest_route=\/wp\/v2\/posts\/7800\/revisions"}],"predecessor-version":[{"id":7802,"href":"https:\/\/haberbesiktas.tr\/index.php?rest_route=\/wp\/v2\/posts\/7800\/revisions\/7802"}],"wp:featuredmedia":[{"embeddable":true,"href":"https:\/\/haberbesiktas.tr\/index.php?rest_route=\/wp\/v2\/media\/7801"}],"wp:attachment":[{"href":"https:\/\/haberbesiktas.tr\/index.php?rest_route=%2Fwp%2Fv2%2Fmedia&parent=7800"}],"wp:term":[{"taxonomy":"category","embeddable":true,"href":"https:\/\/haberbesiktas.tr\/index.php?rest_route=%2Fwp%2Fv2%2Fcategories&post=7800"},{"taxonomy":"post_tag","embeddable":true,"href":"https:\/\/haberbesiktas.tr\/index.php?rest_route=%2Fwp%2Fv2%2Ftags&post=7800"}],"curies":[{"name":"wp","href":"https:\/\/api.w.org\/{rel}","templated":true}]}}