{"id":7803,"date":"2025-02-10T19:12:07","date_gmt":"2025-02-10T19:12:07","guid":{"rendered":"https:\/\/haberbesiktas.tr\/?p=7803"},"modified":"2025-02-10T19:12:07","modified_gmt":"2025-02-10T19:12:07","slug":"galatasaray-ukrayna-ekiplerine-karsi-ilk-galibiyet-pesinde","status":"publish","type":"post","link":"https:\/\/haberbesiktas.tr\/?p=7803","title":{"rendered":"Galatasaray, Ukrayna ekiplerine kar\u015f\u0131 &#8220;ilk galibiyet&#8221; pe\u015finde"},"content":{"rendered":"<div>UEFA Avrupa Ligi&#8217;nin 7. haftas\u0131nda sal\u0131 g\u00fcn\u00fc Dinamo Kiev&#8217;i konuk edecek Galatasaray, Ukrayna temsilcilerine kar\u015f\u0131 birinci galibiyetini almak i\u00e7in u\u011fra\u015f edecek.<\/p>\n<p> Sar\u0131-k\u0131rm\u0131z\u0131l\u0131 tak\u0131m, bu d\u00f6nem Trendyol S\u00fcper Lig&#8217;de 19, UEFA Avrupa Ligi&#8217;nde 6, toplam 25 kar\u015f\u0131la\u015fmada yenilgi ya\u015famad\u0131. &#8220;Kupa 2&#8243;nin 7. haftas\u0131nda RAMS Park&#8217;ta Ukrayna temsilcisi Dinamo Kiev ile kar\u015f\u0131la\u015facak Galatasaray, ma\u00e7tan galibiyetle ayr\u0131larak birinci 8 sav\u0131na sa\u011flam ad\u0131mlarla y\u00fcr\u00fcmeyi hedefliyor.<\/p>\n<p> Avrupa kupalar\u0131nda Ukrayna temsilcileriyle bug\u00fcne kadar yapt\u0131\u011f\u0131 3 ma\u00e7ta galibiyet alamayan sar\u0131-k\u0131rm\u0131z\u0131l\u0131 grup, kazanmas\u0131 durumunda birinci 8 arg\u00fcman\u0131n\u0131n yan\u0131 s\u0131ra Ukrayna ekiplerine kar\u015f\u0131 mak\u00fbs istatisti\u011fini de de\u011fi\u015ftirecek.<\/p>\n<p> Ukrayna gruplar\u0131yla birinci ma\u00e7\u0131nda 2008-09 d\u00f6neminde Metalist kar\u015f\u0131s\u0131nda \u00e7\u0131kan Galatasaray, alandan 1-0 ma\u011flup ayr\u0131ld\u0131. Sar\u0131-k\u0131rm\u0131z\u0131l\u0131 grup, ikinci imtihan\u0131n\u0131 2010-11 d\u00f6neminde Karpaty kar\u015f\u0131s\u0131nda verdi. UEFA Avrupa Ligi play-off eleme cinsindeki e\u015fle\u015fmedeki ma\u00e7lar 2-2 ve 1-1 berabere sona erdi.<\/p>\n<p> <strong>Dinamo Kiev&#8217;in T\u00fcrk rak\u0131mlar\u0131na kar\u015f\u0131 27. s\u0131nav\u0131<\/strong><\/p>\n<p> Ukrayna temsilcisi, UEFA tertiplerinde T\u00fcrk gruplar\u0131na kar\u015f\u0131 26 defa alana \u00e7\u0131kt\u0131.<\/p>\n<p> Ba\u015f\u015fehir grubu, kelam konusu kar\u015f\u0131la\u015fmalarda 13 galibiyet, 6 beraberlik alarak d\u00fczg\u00fcn bir performans sergiledi. T\u00fcrk ekipleri, Dinamo Kiev&#8217;e kar\u015f\u0131 7 defa kazanabildi.<\/p>\n<p> Birinci olarak 1975&#8217;te Kupa Galipleri Kupas\u0131&#8217;nda Bursaspor ile u\u011fra\u015f eden Kiev temsilcisi, sonras\u0131nda Trabzonspor, Be\u015fikta\u015f, ve Fenerbah\u00e7e ile kar\u015f\u0131 kar\u015f\u0131ya geldi.<\/p>\n<p> <strong>Dinamo ile birinci randevu<\/strong><\/p>\n<p> Galatasaray ile Dinamo Kiev tarihinde birinci sefer bir resmi ma\u00e7ta u\u011fra\u015f edecek.<\/p>\n<p> UEFA tertiplerinde daha evvel hi\u00e7 e\u015fle\u015fmeyen iki grup ortas\u0131ndaki birinci kar\u015f\u0131lama oynanacak.<\/p>\n<\/div>\n","protected":false},"excerpt":{"rendered":"<p>UEFA Avrupa Ligi&#8217;nin 7. haftas\u0131nda Dinamo Kiev&#8217;i konuk edecek sar\u0131-k\u0131rm\u0131z\u0131l\u0131 tak\u0131m, daha evvel Ukrayna temsilcileriyle yapt\u0131\u011f\u0131 3 ma\u00e7\u0131 kazanamad\u0131.<\/p>\n","protected":false},"author":1,"featured_media":7804,"comment_status":"open","ping_status":"open","sticky":false,"template":"","format":"standard","meta":{"footnotes":""},"categories":[25],"tags":[978,52,806,977],"class_list":["post-7803","post","type-post","status-publish","format-standard","has-post-thumbnail","hentry","category-futbol","tag-dinamo-kiev","tag-takim","tag-uefa","tag-ukrayna"],"_links":{"self":[{"href":"https:\/\/haberbesiktas.tr\/index.php?rest_route=\/wp\/v2\/posts\/7803","targetHints":{"allow":["GET"]}}],"collection":[{"href":"https:\/\/haberbesiktas.tr\/index.php?rest_route=\/wp\/v2\/posts"}],"about":[{"href":"https:\/\/haberbesiktas.tr\/index.php?rest_route=\/wp\/v2\/types\/post"}],"author":[{"embeddable":true,"href":"https:\/\/haberbesiktas.tr\/index.php?rest_route=\/wp\/v2\/users\/1"}],"replies":[{"embeddable":true,"href":"https:\/\/haberbesiktas.tr\/index.php?rest_route=%2Fwp%2Fv2%2Fcomments&post=7803"}],"version-history":[{"count":1,"href":"https:\/\/haberbesiktas.tr\/index.php?rest_route=\/wp\/v2\/posts\/7803\/revisions"}],"predecessor-version":[{"id":7805,"href":"https:\/\/haberbesiktas.tr\/index.php?rest_route=\/wp\/v2\/posts\/7803\/revisions\/7805"}],"wp:featuredmedia":[{"embeddable":true,"href":"https:\/\/haberbesiktas.tr\/index.php?rest_route=\/wp\/v2\/media\/7804"}],"wp:attachment":[{"href":"https:\/\/haberbesiktas.tr\/index.php?rest_route=%2Fwp%2Fv2%2Fmedia&parent=7803"}],"wp:term":[{"taxonomy":"category","embeddable":true,"href":"https:\/\/haberbesiktas.tr\/index.php?rest_route=%2Fwp%2Fv2%2Fcategories&post=7803"},{"taxonomy":"post_tag","embeddable":true,"href":"https:\/\/haberbesiktas.tr\/index.php?rest_route=%2Fwp%2Fv2%2Ftags&post=7803"}],"curies":[{"name":"wp","href":"https:\/\/api.w.org\/{rel}","templated":true}]}}