{"id":7896,"date":"2025-02-11T04:36:07","date_gmt":"2025-02-11T04:36:07","guid":{"rendered":"https:\/\/haberbesiktas.tr\/?p=7896"},"modified":"2025-02-11T04:36:07","modified_gmt":"2025-02-11T04:36:07","slug":"olcay-sahan-altinordu-basarili-olacak","status":"publish","type":"post","link":"https:\/\/haberbesiktas.tr\/?p=7896","title":{"rendered":"Olcay \u015eahan: &#8220;Alt\u0131nordu ba\u015far\u0131l\u0131 olacak&#8221;"},"content":{"rendered":"<div>\n<p>TFF 2&#8217;nci Lig Beyaz K\u00fcme gruplar\u0131ndan Alt\u0131nordu&#8217;da idarenin kar\u015f\u0131l\u0131kl\u0131 anla\u015farak yollar\u0131n\u0131 ay\u0131rd\u0131\u011f\u0131 Teknik Y\u00f6netici Olcay \u015eahan, k\u0131rm\u0131z\u0131-lacivertli kul\u00fcb\u00fcn lay\u0131k oldu\u011fu yere y\u00fckselece\u011fini lisana getirdi.<\/p>\n<p> \u0130zmir temsilcisinin ba\u015f\u0131nda 18 ma\u00e7ta 36 puan toplayarak ma\u00e7 ba\u015f\u0131na 2 puan ortalamas\u0131 yakalayan Olcay \u015eahan, ikinci yar\u0131n\u0131n birinci haftas\u0131nda deplasmanda 0-0 biten \u0130neg\u00f6lspor m\u00fcsabakas\u0131 sonras\u0131 vazifeden al\u0131nd\u0131.\u00a0<\/p>\n<p> Gen\u00e7 teknik adam toplumsal medya hesab\u0131ndan yapt\u0131\u011f\u0131 payla\u015f\u0131mda, <strong>&#8220;T\u00fcrk \u00e7ocuklar\u0131na inanan ve ba\u015far\u0131l\u0131 olaca\u011f\u0131na inand\u0131\u011f\u0131m Alt\u0131nordu ile seyahatimiz sona erdi. Lakin ben bu sistemin kesinlikle ba\u015far\u0131l\u0131 olaca\u011f\u0131na inan\u0131yorum. Bana bu imkan\u0131 sa\u011flayan ba\u015fta Seyit Mehmet \u00d6zkan olmak \u00fczere kul\u00fcb\u00fcn profesyonellerine te\u015fekk\u00fcr ederim. Alt\u0131nordu kesinlikle lay\u0131k oldu\u011fu yere y\u00fckselecektir&#8221;<\/strong> tabirlerine yer verdi.<\/p>\n<\/div>\n","protected":false},"excerpt":{"rendered":"<p>Alt\u0131nordu ile yollar\u0131n\u0131 ay\u0131ran Olcay \u015eahan, kul\u00fcb\u00fcn lay\u0131k oldu\u011fu yere y\u00fckselece\u011fine inand\u0131\u011f\u0131n\u0131 belirterek te\u015fekk\u00fcr iletisi yay\u0131mlad\u0131.<\/p>\n","protected":false},"author":1,"featured_media":7897,"comment_status":"open","ping_status":"open","sticky":false,"template":"","format":"standard","meta":{"footnotes":""},"categories":[25],"tags":[],"class_list":["post-7896","post","type-post","status-publish","format-standard","has-post-thumbnail","hentry","category-futbol"],"_links":{"self":[{"href":"https:\/\/haberbesiktas.tr\/index.php?rest_route=\/wp\/v2\/posts\/7896","targetHints":{"allow":["GET"]}}],"collection":[{"href":"https:\/\/haberbesiktas.tr\/index.php?rest_route=\/wp\/v2\/posts"}],"about":[{"href":"https:\/\/haberbesiktas.tr\/index.php?rest_route=\/wp\/v2\/types\/post"}],"author":[{"embeddable":true,"href":"https:\/\/haberbesiktas.tr\/index.php?rest_route=\/wp\/v2\/users\/1"}],"replies":[{"embeddable":true,"href":"https:\/\/haberbesiktas.tr\/index.php?rest_route=%2Fwp%2Fv2%2Fcomments&post=7896"}],"version-history":[{"count":1,"href":"https:\/\/haberbesiktas.tr\/index.php?rest_route=\/wp\/v2\/posts\/7896\/revisions"}],"predecessor-version":[{"id":7898,"href":"https:\/\/haberbesiktas.tr\/index.php?rest_route=\/wp\/v2\/posts\/7896\/revisions\/7898"}],"wp:featuredmedia":[{"embeddable":true,"href":"https:\/\/haberbesiktas.tr\/index.php?rest_route=\/wp\/v2\/media\/7897"}],"wp:attachment":[{"href":"https:\/\/haberbesiktas.tr\/index.php?rest_route=%2Fwp%2Fv2%2Fmedia&parent=7896"}],"wp:term":[{"taxonomy":"category","embeddable":true,"href":"https:\/\/haberbesiktas.tr\/index.php?rest_route=%2Fwp%2Fv2%2Fcategories&post=7896"},{"taxonomy":"post_tag","embeddable":true,"href":"https:\/\/haberbesiktas.tr\/index.php?rest_route=%2Fwp%2Fv2%2Ftags&post=7896"}],"curies":[{"name":"wp","href":"https:\/\/api.w.org\/{rel}","templated":true}]}}