{"id":7899,"date":"2025-02-11T05:00:07","date_gmt":"2025-02-11T05:00:07","guid":{"rendered":"https:\/\/haberbesiktas.tr\/?p=7899"},"modified":"2025-02-11T05:00:07","modified_gmt":"2025-02-11T05:00:07","slug":"basketbol-gelisim-merkezi-tbfye-tahsis-edildi","status":"publish","type":"post","link":"https:\/\/haberbesiktas.tr\/?p=7899","title":{"rendered":"Basketbol Geli\u015fim Merkezi, TBF&#8217;ye tahsis edildi"},"content":{"rendered":"<div>\n<p>T\u00fcrk basketboluna, kul\u00fcplere, altyap\u0131lara ve ulusal kadrolara hizmet etme emeliyle 2021 y\u0131l\u0131nda projelendirilen ve hayata ge\u00e7irilen Basketbol Geli\u015fim Merkezi&#8217;nin, T\u00fcrkiye Basketbol Federasyonu&#8217;na tahsisi tamamland\u0131.<\/p>\n<p> 70 bin metrekarelik alanda yer alan ve 24 saat ya\u015fayan bir alan olarak tasarlanan Basketbol Geli\u015fim Merkezi, 10 bin ki\u015filik ana salon, bin ki\u015fi kapasiteli A Ulusal Kadro idman salonu, 500 ki\u015fi kapasiteli \u00fc\u00e7 altyap\u0131 salonu, Basketbol K\u00fct\u00fcphanesi, Basketbol M\u00fczesi ve 3&#215;3 basketbol alan\u0131 ile T\u00fcrk basketboluna ge\u00e7en y\u0131l eyl\u00fcl ay\u0131ndan itibaren hizmet etmeye ba\u015flad\u0131.<\/p>\n<p> Kentsel dokuyla ahenk i\u00e7inde planlanan tesis, basketbol lisesi, ulusal ekipler, altyap\u0131lar ve ana salonun birebir \u00e7at\u0131 alt\u0131nda topland\u0131\u011f\u0131 d\u00fcnyadaki birinci merkez olma \u00f6zelli\u011fi ta\u015f\u0131yor. S\u00fcrd\u00fcr\u00fclebilirlik ve g\u00fc\u00e7 verimlili\u011fi konusunda etraf dostu bir yap\u0131 olarak tasarlanan merkez, kolay ula\u015f\u0131m\u0131yla kente entegre bir \u00f6m\u00fcr alan\u0131 sunuyor. Basketbol Geli\u015fim Merkezi, basketbolun yaln\u0131zca oynand\u0131\u011f\u0131 de\u011fil, t\u0131pk\u0131 vakitte ya\u015fad\u0131\u011f\u0131 bir merkez olarak hayata ge\u00e7irildi.<\/p>\n<p> Gen\u00e7lik ve Spor Bakan\u0131 Dr. Osman A\u015fk\u0131n Bak, tesisin tahsisiyle ilgili Basketbol Geli\u015fim Merkezi&#8217;nde TBF Ba\u015fkan\u0131 Hidayet T\u00fcrko\u011flu ile bir ortaya geldi. G\u00f6r\u00fc\u015fmede Gen\u00e7lik ve Spor Bakan Yard\u0131mc\u0131s\u0131 Av. Do\u00e7. Dr. Safa Ko\u00e7o\u011flu, Gen\u00e7lik ve Spor Bakanl\u0131\u011f\u0131 Yat\u0131r\u0131m ve \u0130\u015fletmeler Genel M\u00fcd\u00fcr\u00fc Prof. Dr. S\u00fcleyman \u015eahin ile \u0130stanbul Gen\u00e7lik ve Spor Vilayet M\u00fcd\u00fcr\u00fc Muhittin \u00d6zbay ve T\u00fcrkiye Herkes \u0130\u00e7in Spor Federasyonu Ba\u015fkan\u0131 Kerim \u00c7omo\u011flu da yer ald\u0131.<\/p>\n<p> T\u00fcrkiye Basketbol Federasyonu taraf\u0131ndan projesi geli\u015ftirilen Basketbol Geli\u015fim Merkezi, uzun vadede T\u00fcrk basketbolunun s\u00fcrd\u00fcr\u00fclebilir ba\u015far\u0131s\u0131na katk\u0131 sa\u011flayacak ve kul\u00fcplere ekonomik tahliller sunacak.<\/p>\n<p> \u00a0<\/p>\n<\/div>\n","protected":false},"excerpt":{"rendered":"<p>Basketbol Geli\u015fim Merkezi&#8217;nin T\u00fcrkiye Basketbol Federasyonu&#8217;na tahsis s\u00fcre\u00e7leri tamamland\u0131.<\/p>\n","protected":false},"author":1,"featured_media":7900,"comment_status":"open","ping_status":"open","sticky":false,"template":"","format":"standard","meta":{"footnotes":""},"categories":[10],"tags":[468,995,65,89],"class_list":["post-7899","post","type-post","status-publish","format-standard","has-post-thumbnail","hentry","category-basketbol","tag-basketbol","tag-merkez","tag-spor","tag-turk"],"_links":{"self":[{"href":"https:\/\/haberbesiktas.tr\/index.php?rest_route=\/wp\/v2\/posts\/7899","targetHints":{"allow":["GET"]}}],"collection":[{"href":"https:\/\/haberbesiktas.tr\/index.php?rest_route=\/wp\/v2\/posts"}],"about":[{"href":"https:\/\/haberbesiktas.tr\/index.php?rest_route=\/wp\/v2\/types\/post"}],"author":[{"embeddable":true,"href":"https:\/\/haberbesiktas.tr\/index.php?rest_route=\/wp\/v2\/users\/1"}],"replies":[{"embeddable":true,"href":"https:\/\/haberbesiktas.tr\/index.php?rest_route=%2Fwp%2Fv2%2Fcomments&post=7899"}],"version-history":[{"count":1,"href":"https:\/\/haberbesiktas.tr\/index.php?rest_route=\/wp\/v2\/posts\/7899\/revisions"}],"predecessor-version":[{"id":7901,"href":"https:\/\/haberbesiktas.tr\/index.php?rest_route=\/wp\/v2\/posts\/7899\/revisions\/7901"}],"wp:featuredmedia":[{"embeddable":true,"href":"https:\/\/haberbesiktas.tr\/index.php?rest_route=\/wp\/v2\/media\/7900"}],"wp:attachment":[{"href":"https:\/\/haberbesiktas.tr\/index.php?rest_route=%2Fwp%2Fv2%2Fmedia&parent=7899"}],"wp:term":[{"taxonomy":"category","embeddable":true,"href":"https:\/\/haberbesiktas.tr\/index.php?rest_route=%2Fwp%2Fv2%2Fcategories&post=7899"},{"taxonomy":"post_tag","embeddable":true,"href":"https:\/\/haberbesiktas.tr\/index.php?rest_route=%2Fwp%2Fv2%2Ftags&post=7899"}],"curies":[{"name":"wp","href":"https:\/\/api.w.org\/{rel}","templated":true}]}}