{"id":7902,"date":"2025-02-11T05:24:05","date_gmt":"2025-02-11T05:24:05","guid":{"rendered":"https:\/\/haberbesiktas.tr\/?p=7902"},"modified":"2025-02-11T05:24:05","modified_gmt":"2025-02-11T05:24:05","slug":"ukraynali-isimden-galatasaray-aciklamasi-korkmayin","status":"publish","type":"post","link":"https:\/\/haberbesiktas.tr\/?p=7902","title":{"rendered":"Ukraynal\u0131 isimden Galatasaray a\u00e7\u0131klamas\u0131: &#8220;Korkmay\u0131n&#8221;"},"content":{"rendered":"<div>Ukrayna&#8217;n\u0131n efsane ismi Sergiy Mizin, Galatasaray &#8211; Dinamo Kiev ma\u00e7\u0131 \u00f6ncesi dikkat \u00e7eken a\u00e7\u0131klamalar yapt\u0131.<\/p>\n<p> Mizin yapt\u0131\u011f\u0131 a\u00e7\u0131klamada, &#8220;Ukrayna kul\u00fcpleri daha evvel hi\u00e7 bu kadar erken Avrupa Kupas\u0131 \u00e7abas\u0131 vermek zorunda kalmam\u0131\u015ft\u0131. M\u00fcnasebetiyle bu Dinamo Kiev teknik grubu i\u00e7in bir \u00f6b\u00fcr zorluk. Bunun Kiev&#8217;e dezavantaj\u0131n\u0131n olup olmad\u0131\u011f\u0131n\u0131 bu ma\u00e7ta g\u00f6rece\u011fiz.&#8221; dedi.<\/p>\n<p> <strong>&#8220;G.SARAY&#8217;DAN A\u015eA\u011eI KALMAZ&#8221;<\/strong><\/p>\n<p> Galatasaray ile ba\u015f edecek bir grup oldu\u011funu s\u00f6yleyen Ukraynal\u0131 eski oyuncu, &#8220;Ben optimistim. Evet, Dinamo Kiev kimi nedenlerden \u00f6t\u00fcr\u00fc her b\u00f6lgeye destek yapamad\u0131. Belkide lige odaklanmak istedikleri i\u00e7in transferi \u015eubat ay\u0131na sakl\u0131yorlar. Galatasaray ma\u00e7\u0131nda en az\u0131ndan milletleraras\u0131 ma\u00e7 deneyimi bak\u0131m\u0131ndan mesken sahibi tak\u0131mdan a\u015fa\u011f\u0131 kalmayacak ve s\u00fcrat avantaj\u0131 da Dinamo Kiev&#8217;de olacakt\u0131r.&#8221; s\u00f6zlerini kulland\u0131.<\/p>\n<p> <strong>&#8220;KORKMAYIN&#8221;<\/strong><\/p>\n<p> Taraftar bask\u0131s\u0131yla ilgili ise Mizin, &#8220;Galatasaray&#8217;\u0131n 12. oyuncusu olan taraftarlar\u0131n varl\u0131\u011f\u0131 da Kiev grubunu korkutmamal\u0131. Kendi tecr\u00fcbelerimden biliyorum. Size kar\u015f\u0131 reaksiyonlu olsalar da bu kalabal\u0131k trib\u00fcnlere kar\u015f\u0131 oynamak her vakit ho\u015ftur. Bu durum Dinamo Kiev oyuncular\u0131n\u0131 saha sert oynamaya itebilir. Bence \u00e7aba 1-1 bitecek.&#8221; a\u00e7\u0131klamas\u0131n\u0131 yapt\u0131.<\/p>\n<\/div>\n","protected":false},"excerpt":{"rendered":"<p>Ukrayna&#8217;n\u0131n efsane ismi Sergiy Mizin, Galatasaray &#8211; Dinamo Kiev ma\u00e7\u0131 \u00f6ncesi dikkat \u00e7eken a\u00e7\u0131klamalarda bulundu.<\/p>\n","protected":false},"author":1,"featured_media":7903,"comment_status":"open","ping_status":"open","sticky":false,"template":"","format":"standard","meta":{"footnotes":""},"categories":[25],"tags":[978],"class_list":["post-7902","post","type-post","status-publish","format-standard","has-post-thumbnail","hentry","category-futbol","tag-dinamo-kiev"],"_links":{"self":[{"href":"https:\/\/haberbesiktas.tr\/index.php?rest_route=\/wp\/v2\/posts\/7902","targetHints":{"allow":["GET"]}}],"collection":[{"href":"https:\/\/haberbesiktas.tr\/index.php?rest_route=\/wp\/v2\/posts"}],"about":[{"href":"https:\/\/haberbesiktas.tr\/index.php?rest_route=\/wp\/v2\/types\/post"}],"author":[{"embeddable":true,"href":"https:\/\/haberbesiktas.tr\/index.php?rest_route=\/wp\/v2\/users\/1"}],"replies":[{"embeddable":true,"href":"https:\/\/haberbesiktas.tr\/index.php?rest_route=%2Fwp%2Fv2%2Fcomments&post=7902"}],"version-history":[{"count":1,"href":"https:\/\/haberbesiktas.tr\/index.php?rest_route=\/wp\/v2\/posts\/7902\/revisions"}],"predecessor-version":[{"id":7904,"href":"https:\/\/haberbesiktas.tr\/index.php?rest_route=\/wp\/v2\/posts\/7902\/revisions\/7904"}],"wp:featuredmedia":[{"embeddable":true,"href":"https:\/\/haberbesiktas.tr\/index.php?rest_route=\/wp\/v2\/media\/7903"}],"wp:attachment":[{"href":"https:\/\/haberbesiktas.tr\/index.php?rest_route=%2Fwp%2Fv2%2Fmedia&parent=7902"}],"wp:term":[{"taxonomy":"category","embeddable":true,"href":"https:\/\/haberbesiktas.tr\/index.php?rest_route=%2Fwp%2Fv2%2Fcategories&post=7902"},{"taxonomy":"post_tag","embeddable":true,"href":"https:\/\/haberbesiktas.tr\/index.php?rest_route=%2Fwp%2Fv2%2Ftags&post=7902"}],"curies":[{"name":"wp","href":"https:\/\/api.w.org\/{rel}","templated":true}]}}