{"id":7908,"date":"2025-02-11T06:12:07","date_gmt":"2025-02-11T06:12:07","guid":{"rendered":"https:\/\/haberbesiktas.tr\/?p=7908"},"modified":"2025-02-11T06:12:07","modified_gmt":"2025-02-11T06:12:07","slug":"solskjaer-nevzat-demir-tesislerinde-futbolcularla-bulustu","status":"publish","type":"post","link":"https:\/\/haberbesiktas.tr\/?p=7908","title":{"rendered":"Solskjaer, Nevzat Demir Tesisleri&#8217;nde futbolcularla bulu\u015ftu"},"content":{"rendered":"<div>Be\u015fikta\u015f Ba\u015fkan\u0131 Serdal Adal\u0131 ve Teknik Y\u00f6netici Ole Gunnar Solskjaer, BJK Nevzat Demir Tesisleri&#8217;nde futbolcularla bir ortaya gelerek yeni periyoda dair maksat ve beklentilerini payla\u015ft\u0131.<\/p>\n<p> Lider Adal\u0131, yapt\u0131\u011f\u0131 konu\u015fmada, Solskjaer ile futbolcular\u0131na muvaffakiyet dileklerinde bulundu. Solskjaer ise futbolcularla tan\u0131\u015farak oyun ideolojisi hakk\u0131nda bilgiler verdi ve ekibin gayelerine ula\u015fmas\u0131 i\u00e7in beklentilerini aktard\u0131.<\/p>\n<p> <span><img decoding=\"async\" src=\"https:\/\/haberbesiktas.tr\/wp-content\/uploads\/2025\/02\/solskjaer-nevzat-demir-tesislerinde-futbolcularla-bulustu-0-aUWBRq17.jpg\"\/><\/p>\n<p><img decoding=\"async\" src=\"https:\/\/haberbesiktas.tr\/wp-content\/uploads\/2025\/02\/solskjaer-nevzat-demir-tesislerinde-futbolcularla-bulustu-1-ITMigaMC.jpg\"\/><\/p>\n<p> <\/span><\/div>\n","protected":false},"excerpt":{"rendered":"<p>Be\u015fikta\u015f ba\u015fkan\u0131 Serdal Adal\u0131 ve yeni teknik y\u00f6netici Ole Gunnar Solskjaer, Nevzat Demir Tesisleri&#8217;nde futbolcularla bir toplant\u0131 ger\u00e7ekle\u015ftirdi.<\/p>\n","protected":false},"author":1,"featured_media":7909,"comment_status":"open","ping_status":"open","sticky":false,"template":"","format":"standard","meta":{"footnotes":""},"categories":[25],"tags":[],"class_list":["post-7908","post","type-post","status-publish","format-standard","has-post-thumbnail","hentry","category-futbol"],"_links":{"self":[{"href":"https:\/\/haberbesiktas.tr\/index.php?rest_route=\/wp\/v2\/posts\/7908","targetHints":{"allow":["GET"]}}],"collection":[{"href":"https:\/\/haberbesiktas.tr\/index.php?rest_route=\/wp\/v2\/posts"}],"about":[{"href":"https:\/\/haberbesiktas.tr\/index.php?rest_route=\/wp\/v2\/types\/post"}],"author":[{"embeddable":true,"href":"https:\/\/haberbesiktas.tr\/index.php?rest_route=\/wp\/v2\/users\/1"}],"replies":[{"embeddable":true,"href":"https:\/\/haberbesiktas.tr\/index.php?rest_route=%2Fwp%2Fv2%2Fcomments&post=7908"}],"version-history":[{"count":1,"href":"https:\/\/haberbesiktas.tr\/index.php?rest_route=\/wp\/v2\/posts\/7908\/revisions"}],"predecessor-version":[{"id":7912,"href":"https:\/\/haberbesiktas.tr\/index.php?rest_route=\/wp\/v2\/posts\/7908\/revisions\/7912"}],"wp:featuredmedia":[{"embeddable":true,"href":"https:\/\/haberbesiktas.tr\/index.php?rest_route=\/wp\/v2\/media\/7909"}],"wp:attachment":[{"href":"https:\/\/haberbesiktas.tr\/index.php?rest_route=%2Fwp%2Fv2%2Fmedia&parent=7908"}],"wp:term":[{"taxonomy":"category","embeddable":true,"href":"https:\/\/haberbesiktas.tr\/index.php?rest_route=%2Fwp%2Fv2%2Fcategories&post=7908"},{"taxonomy":"post_tag","embeddable":true,"href":"https:\/\/haberbesiktas.tr\/index.php?rest_route=%2Fwp%2Fv2%2Ftags&post=7908"}],"curies":[{"name":"wp","href":"https:\/\/api.w.org\/{rel}","templated":true}]}}