{"id":7916,"date":"2025-02-11T06:36:07","date_gmt":"2025-02-11T06:36:07","guid":{"rendered":"https:\/\/haberbesiktas.tr\/?p=7916"},"modified":"2025-02-11T06:36:07","modified_gmt":"2025-02-11T06:36:07","slug":"dortmundda-nuri-sahinin-gelecegi-bologna-macina-bagli","status":"publish","type":"post","link":"https:\/\/haberbesiktas.tr\/?p=7916","title":{"rendered":"Dortmund&#8217;da Nuri \u015eahin&#8217;in gelece\u011fi Bologna ma\u00e7\u0131na ba\u011fl\u0131!"},"content":{"rendered":"<div>\n<p>Almanya&#8217;da Borussia Dortmund&#8217;u \u00e7al\u0131\u015ft\u0131ran Nuri \u015eahin&#8217;in gelece\u011fi tart\u0131\u015f\u0131lmaya devam ederken s\u0131cak bir geli\u015fme ya\u015fand\u0131.<\/p>\n<p> Sky DE&#8217;nin habereine nazaran Almanya Bundesliga tak\u0131m\u0131 Borussia Dortmund, 21 Ocak Sal\u0131 g\u00fcn\u00fc \u015eampiyonlar Ligi&#8217;nde Bologna&#8217;ya kaybetmesi halinde Nuri \u015eahin&#8217;in vazifesine son verilebilir.\u00a0<\/p>\n<p> <strong>YER\u0130NE ERIK DER\u0130 HAG GELEB\u0130L\u0130R\u00a0<\/strong><\/p>\n<p> Savlara nazaran Dortmund Nuri \u015eahin&#8217;in vazifesine son vermesi halinde son olarak Manchester United&#8217;\u0131 \u00e7al\u0131\u015ft\u0131ran Erik cilt Hag&#8217;\u0131 vazifeye getirebilir.\u00a0<\/p>\n<p> <strong><em>Ge\u00e7ti\u011fimiz g\u00fcnlerde Holstein Kiel yenilgisi sonras\u0131 Nuri \u015eahin \u015fu s\u00f6zleri lisana getirmi\u015fti:\u00a0<\/em><\/strong><\/p>\n<p> &#8220;\u015eampiyonlar Ligi potas\u0131ndan 8 puan gerideyseniz, \u015eampiyonlar Ligi hakk\u0131nda konu\u015famazs\u0131n\u0131z. Bizim ger\u00e7ekli\u011fimiz farkl\u0131. T\u00fcm sorumluluk bana ili\u015fkin. Kendimi bundan kurtaramam. Sorumlu ki\u015fi olarak, \u015fimdi bu grubu istedi\u011fim \u00fczere oynatmay\u0131 ba\u015faramad\u0131m.&#8221;<\/p>\n<\/div>\n","protected":false},"excerpt":{"rendered":"<p>Borussia Dortmund, 21 Ocak Sal\u0131 g\u00fcn\u00fc \u015eampiyonlar Ligi&#8217;nde Bologna&#8217;ya kaybetmesi halinde Nuri \u015eahin&#8217;in vazifesine son verilebilir.<\/p>\n","protected":false},"author":1,"featured_media":7917,"comment_status":"open","ping_status":"open","sticky":false,"template":"","format":"standard","meta":{"footnotes":""},"categories":[25],"tags":[],"class_list":["post-7916","post","type-post","status-publish","format-standard","has-post-thumbnail","hentry","category-futbol"],"_links":{"self":[{"href":"https:\/\/haberbesiktas.tr\/index.php?rest_route=\/wp\/v2\/posts\/7916","targetHints":{"allow":["GET"]}}],"collection":[{"href":"https:\/\/haberbesiktas.tr\/index.php?rest_route=\/wp\/v2\/posts"}],"about":[{"href":"https:\/\/haberbesiktas.tr\/index.php?rest_route=\/wp\/v2\/types\/post"}],"author":[{"embeddable":true,"href":"https:\/\/haberbesiktas.tr\/index.php?rest_route=\/wp\/v2\/users\/1"}],"replies":[{"embeddable":true,"href":"https:\/\/haberbesiktas.tr\/index.php?rest_route=%2Fwp%2Fv2%2Fcomments&post=7916"}],"version-history":[{"count":1,"href":"https:\/\/haberbesiktas.tr\/index.php?rest_route=\/wp\/v2\/posts\/7916\/revisions"}],"predecessor-version":[{"id":7918,"href":"https:\/\/haberbesiktas.tr\/index.php?rest_route=\/wp\/v2\/posts\/7916\/revisions\/7918"}],"wp:featuredmedia":[{"embeddable":true,"href":"https:\/\/haberbesiktas.tr\/index.php?rest_route=\/wp\/v2\/media\/7917"}],"wp:attachment":[{"href":"https:\/\/haberbesiktas.tr\/index.php?rest_route=%2Fwp%2Fv2%2Fmedia&parent=7916"}],"wp:term":[{"taxonomy":"category","embeddable":true,"href":"https:\/\/haberbesiktas.tr\/index.php?rest_route=%2Fwp%2Fv2%2Fcategories&post=7916"},{"taxonomy":"post_tag","embeddable":true,"href":"https:\/\/haberbesiktas.tr\/index.php?rest_route=%2Fwp%2Fv2%2Ftags&post=7916"}],"curies":[{"name":"wp","href":"https:\/\/api.w.org\/{rel}","templated":true}]}}