{"id":7919,"date":"2025-02-11T06:48:08","date_gmt":"2025-02-11T06:48:08","guid":{"rendered":"https:\/\/haberbesiktas.tr\/?p=7919"},"modified":"2025-02-11T06:48:08","modified_gmt":"2025-02-11T06:48:08","slug":"carlo-ancelottiden-real-madrid-karari","status":"publish","type":"post","link":"https:\/\/haberbesiktas.tr\/?p=7919","title":{"rendered":"Carlo Ancelotti&#8217;den Real Madrid karar\u0131"},"content":{"rendered":"<div>Real Madrid&#8217;de teknik y\u00f6netici Carlo Ancelotti ile ilgili fla\u015f bir arg\u00fcman ortaya at\u0131ld\u0131.<\/p>\n<p> \u0130spanyol medyas\u0131ndan Onda Cero&#8217;nun haberine nazaran \u0130talyan hoca, d\u00f6nem sonu Real Madrid&#8217;den ayr\u0131lma karar\u0131 ald\u0131.<\/p>\n<p> 2026&#8217;ya kadar kontrat\u0131 bulunan \u0130talyan teknik adam, \u015fampiyon olsa bile kadrodan ayr\u0131lmay\u0131 ba\u015fa koydu\u011fu belirtildi.<\/p>\n<p> <strong>FAVOR\u0130 TEKN\u0130K ADAM<\/strong><\/p>\n<p> Haberde Real Madrid&#8217;in yeni teknik y\u00f6neticisinin Xabi Alonso olma ihtimalinin y\u00fcksek oldu\u011fu aktar\u0131ld\u0131.<\/p>\n<p> Madrid devinin listenin ba\u015f\u0131na yazd\u0131\u011f\u0131 Xabi Alonso&#8217;nun da Real&#8217;e s\u0131cak bakt\u0131\u011f\u0131 tabir edildi.<\/p>\n<p> <strong>EMEKL\u0130 OLMAYACAK<\/strong><\/p>\n<p> \u00d6te yandan Carlo Ancelotti&#8217;nin emekli olma niyetinin olmad\u0131\u011f\u0131 ve \u00f6n\u00fcne \u00e7\u0131kacak k\u0131ymetli f\u0131rsatlar\u0131 de\u011ferlendirece\u011fi kaydedildi.<\/p>\n<\/div>\n","protected":false},"excerpt":{"rendered":"<p>Real Madrid Teknik Y\u00f6neticisi Carlo Ancelotti, d\u00f6nem sonunda ekipten ayr\u0131lma karar\u0131 ald\u0131\u011f\u0131 belirtildi.<\/p>\n","protected":false},"author":1,"featured_media":7920,"comment_status":"open","ping_status":"open","sticky":false,"template":"","format":"standard","meta":{"footnotes":""},"categories":[25],"tags":[],"class_list":["post-7919","post","type-post","status-publish","format-standard","has-post-thumbnail","hentry","category-futbol"],"_links":{"self":[{"href":"https:\/\/haberbesiktas.tr\/index.php?rest_route=\/wp\/v2\/posts\/7919","targetHints":{"allow":["GET"]}}],"collection":[{"href":"https:\/\/haberbesiktas.tr\/index.php?rest_route=\/wp\/v2\/posts"}],"about":[{"href":"https:\/\/haberbesiktas.tr\/index.php?rest_route=\/wp\/v2\/types\/post"}],"author":[{"embeddable":true,"href":"https:\/\/haberbesiktas.tr\/index.php?rest_route=\/wp\/v2\/users\/1"}],"replies":[{"embeddable":true,"href":"https:\/\/haberbesiktas.tr\/index.php?rest_route=%2Fwp%2Fv2%2Fcomments&post=7919"}],"version-history":[{"count":1,"href":"https:\/\/haberbesiktas.tr\/index.php?rest_route=\/wp\/v2\/posts\/7919\/revisions"}],"predecessor-version":[{"id":7921,"href":"https:\/\/haberbesiktas.tr\/index.php?rest_route=\/wp\/v2\/posts\/7919\/revisions\/7921"}],"wp:featuredmedia":[{"embeddable":true,"href":"https:\/\/haberbesiktas.tr\/index.php?rest_route=\/wp\/v2\/media\/7920"}],"wp:attachment":[{"href":"https:\/\/haberbesiktas.tr\/index.php?rest_route=%2Fwp%2Fv2%2Fmedia&parent=7919"}],"wp:term":[{"taxonomy":"category","embeddable":true,"href":"https:\/\/haberbesiktas.tr\/index.php?rest_route=%2Fwp%2Fv2%2Fcategories&post=7919"},{"taxonomy":"post_tag","embeddable":true,"href":"https:\/\/haberbesiktas.tr\/index.php?rest_route=%2Fwp%2Fv2%2Ftags&post=7919"}],"curies":[{"name":"wp","href":"https:\/\/api.w.org\/{rel}","templated":true}]}}