{"id":7925,"date":"2025-02-11T07:12:08","date_gmt":"2025-02-11T07:12:08","guid":{"rendered":"https:\/\/haberbesiktas.tr\/?p=7925"},"modified":"2025-02-11T07:12:08","modified_gmt":"2025-02-11T07:12:08","slug":"turkiye-bisiklet-kupasi-1-etap-devam-ediyor","status":"publish","type":"post","link":"https:\/\/haberbesiktas.tr\/?p=7925","title":{"rendered":"T\u00fcrkiye Bisiklet Kupas\u0131 1. Etap devam ediyor"},"content":{"rendered":"<div> T\u00fcrkiye Bisiklet Federasyonu (TBF) taraf\u0131ndan Antalya&#8217;n\u0131n Alanya il\u00e7esinde d\u00fczenlenen T\u00fcrkiye Bisiklet Kupas\u0131 1. Etap Puanl\u0131 Yol Yar\u0131\u015flar\u0131 s\u00fcr\u00fcyor.<\/p>\n<p> Tertibin ikinci g\u00fcn yar\u0131\u015flar\u0131n\u0131n start\u0131, Ulusal Egemenlik Stad\u0131 \u00f6n\u00fcnden TBF yetkililerince verildi. Yar\u0131\u015fta 15 ya\u015f alt\u0131 erkekler 38 kilometre, 17 ya\u015f alt\u0131 erkekler ile b\u00fcy\u00fck ve 19 ya\u015f alt\u0131 bayanlar 74 kilometre, 19 ya\u015f alt\u0131 erkekler ise 94 kilometre pedal \u00e7evirecek.<\/p>\n<p> Yakla\u015f\u0131k 500 atletin kat\u0131ld\u0131\u011f\u0131 yol yar\u0131\u015flar\u0131, 22 Ocak \u00c7ar\u015famba g\u00fcn\u00fc kriteryum etab\u0131yla tamamlanacak.<\/p>\n<div>\u00a0<\/div>\n<\/p><\/div>\n<div>\u00a0<\/div>\n","protected":false},"excerpt":{"rendered":"<p>T\u00fcrkiye Bisiklet Federasyonu (TBF) taraf\u0131ndan d\u00fczenlenen T\u00fcrkiye Bisiklet Kupas\u0131 1. Etap Puanl\u0131 Yol Yar\u0131\u015flar\u0131 s\u00fcr\u00fcyor.<\/p>\n","protected":false},"author":1,"featured_media":7926,"comment_status":"open","ping_status":"open","sticky":false,"template":"","format":"standard","meta":{"footnotes":""},"categories":[27],"tags":[],"class_list":["post-7925","post","type-post","status-publish","format-standard","has-post-thumbnail","hentry","category-guncel-haberler"],"_links":{"self":[{"href":"https:\/\/haberbesiktas.tr\/index.php?rest_route=\/wp\/v2\/posts\/7925","targetHints":{"allow":["GET"]}}],"collection":[{"href":"https:\/\/haberbesiktas.tr\/index.php?rest_route=\/wp\/v2\/posts"}],"about":[{"href":"https:\/\/haberbesiktas.tr\/index.php?rest_route=\/wp\/v2\/types\/post"}],"author":[{"embeddable":true,"href":"https:\/\/haberbesiktas.tr\/index.php?rest_route=\/wp\/v2\/users\/1"}],"replies":[{"embeddable":true,"href":"https:\/\/haberbesiktas.tr\/index.php?rest_route=%2Fwp%2Fv2%2Fcomments&post=7925"}],"version-history":[{"count":1,"href":"https:\/\/haberbesiktas.tr\/index.php?rest_route=\/wp\/v2\/posts\/7925\/revisions"}],"predecessor-version":[{"id":7927,"href":"https:\/\/haberbesiktas.tr\/index.php?rest_route=\/wp\/v2\/posts\/7925\/revisions\/7927"}],"wp:featuredmedia":[{"embeddable":true,"href":"https:\/\/haberbesiktas.tr\/index.php?rest_route=\/wp\/v2\/media\/7926"}],"wp:attachment":[{"href":"https:\/\/haberbesiktas.tr\/index.php?rest_route=%2Fwp%2Fv2%2Fmedia&parent=7925"}],"wp:term":[{"taxonomy":"category","embeddable":true,"href":"https:\/\/haberbesiktas.tr\/index.php?rest_route=%2Fwp%2Fv2%2Fcategories&post=7925"},{"taxonomy":"post_tag","embeddable":true,"href":"https:\/\/haberbesiktas.tr\/index.php?rest_route=%2Fwp%2Fv2%2Ftags&post=7925"}],"curies":[{"name":"wp","href":"https:\/\/api.w.org\/{rel}","templated":true}]}}