{"id":7928,"date":"2025-02-11T07:24:06","date_gmt":"2025-02-11T07:24:06","guid":{"rendered":"https:\/\/haberbesiktas.tr\/?p=7928"},"modified":"2025-02-11T07:24:06","modified_gmt":"2025-02-11T07:24:06","slug":"isitme-engelliler-futsal-turkiye-sampiyonasi-basladi","status":"publish","type":"post","link":"https:\/\/haberbesiktas.tr\/?p=7928","title":{"rendered":"\u0130\u015fitme Engelliler Futsal T\u00fcrkiye \u015eampiyonas\u0131 ba\u015flad\u0131"},"content":{"rendered":"<div>\u0130\u015fitme Engelliler Erkekler Futsal T\u00fcrkiye \u015eampiyonas\u0131, K\u00fctahya&#8217;da ba\u015flad\u0131.<\/p>\n<p> T\u00fcrkiye \u0130\u015fitme Engelliler Spor Federasyonu&#8217;nca (T\u0130ESF) K\u00fctahya Yeni Spor Salonu&#8217;nda d\u00fczenlenen \u015fampiyonada, 16 vilayetten 16 kadro m\u00fccadele edecek.<\/p>\n<p> T\u0130ESF Ba\u015fkan\u0131 Dursun G\u00f6zel, \u015fampiyonan\u0131n a\u00e7\u0131l\u0131\u015f\u0131nda gazetecilere yapt\u0131\u011f\u0131 a\u00e7\u0131klamada, kar\u015f\u0131la\u015fmalar\u0131n 6 g\u00fcn devam edece\u011fini s\u00f6yledi.<\/p>\n<p> Gayelerinin sporu kitlelere yaymak oldu\u011funu belirten G\u00f6zel, \u015funlar\u0131 kaydetti:<\/p>\n<p> &#8220;\u015eampiyonam\u0131za T\u00fcrkiye&#8217;nin farkl\u0131 vilayetlerinden 16 grubumuz kat\u0131l\u0131yor. Ekiplerimiz 4 k\u00fcmeye ayr\u0131ld\u0131. M\u00fcsabakalar\u0131m\u0131z ba\u015flad\u0131, \u00c7ar\u015famba g\u00fcn\u00fc \u00e7eyrek ve yar\u0131 final gruplar\u0131m\u0131z a\u015fik\u00e2r olacak. Cumartesi g\u00fcn\u00fc de yar\u0131 final ve final ma\u00e7lar\u0131m\u0131zla kapan\u0131\u015f\u0131m\u0131z\u0131 yapaca\u011f\u0131z. Mesken sahiplikleri i\u00e7in K\u00fctahya Valili\u011fimize ile Gen\u00e7lik ve Spor Vilayet M\u00fcd\u00fcrl\u00fc\u011f\u00fcm\u00fcze te\u015fekk\u00fcr ediyoruz.&#8221;<\/p>\n<p> K\u00fctahya Gen\u00e7lik ve Spor Vilayet M\u00fcd\u00fcr\u00fc B\u00fclent K\u00fc\u00e7\u00fck de futsal ekiplerini a\u011f\u0131rlamaktan memnuniyet duyduklar\u0131n\u0131, spor kollar\u0131nda K\u00fctahya&#8217;da T\u00fcrkiye \u015fampiyonalar\u0131 d\u00fczenlemeye devam edeceklerini lisana getirdi.<\/p>\n<\/div>\n","protected":false},"excerpt":{"rendered":"<p>\u0130\u015fitme Engelliler Erkekler Futsal T\u00fcrkiye \u015eampiyonas\u0131, K\u00fctahya&#8217;da ba\u015flad\u0131.<\/p>\n","protected":false},"author":1,"featured_media":7929,"comment_status":"open","ping_status":"open","sticky":false,"template":"","format":"standard","meta":{"footnotes":""},"categories":[25],"tags":[996,65],"class_list":["post-7928","post","type-post","status-publish","format-standard","has-post-thumbnail","hentry","category-futbol","tag-kutahya","tag-spor"],"_links":{"self":[{"href":"https:\/\/haberbesiktas.tr\/index.php?rest_route=\/wp\/v2\/posts\/7928","targetHints":{"allow":["GET"]}}],"collection":[{"href":"https:\/\/haberbesiktas.tr\/index.php?rest_route=\/wp\/v2\/posts"}],"about":[{"href":"https:\/\/haberbesiktas.tr\/index.php?rest_route=\/wp\/v2\/types\/post"}],"author":[{"embeddable":true,"href":"https:\/\/haberbesiktas.tr\/index.php?rest_route=\/wp\/v2\/users\/1"}],"replies":[{"embeddable":true,"href":"https:\/\/haberbesiktas.tr\/index.php?rest_route=%2Fwp%2Fv2%2Fcomments&post=7928"}],"version-history":[{"count":1,"href":"https:\/\/haberbesiktas.tr\/index.php?rest_route=\/wp\/v2\/posts\/7928\/revisions"}],"predecessor-version":[{"id":7930,"href":"https:\/\/haberbesiktas.tr\/index.php?rest_route=\/wp\/v2\/posts\/7928\/revisions\/7930"}],"wp:featuredmedia":[{"embeddable":true,"href":"https:\/\/haberbesiktas.tr\/index.php?rest_route=\/wp\/v2\/media\/7929"}],"wp:attachment":[{"href":"https:\/\/haberbesiktas.tr\/index.php?rest_route=%2Fwp%2Fv2%2Fmedia&parent=7928"}],"wp:term":[{"taxonomy":"category","embeddable":true,"href":"https:\/\/haberbesiktas.tr\/index.php?rest_route=%2Fwp%2Fv2%2Fcategories&post=7928"},{"taxonomy":"post_tag","embeddable":true,"href":"https:\/\/haberbesiktas.tr\/index.php?rest_route=%2Fwp%2Fv2%2Ftags&post=7928"}],"curies":[{"name":"wp","href":"https:\/\/api.w.org\/{rel}","templated":true}]}}