{"id":7931,"date":"2025-02-11T07:48:05","date_gmt":"2025-02-11T07:48:05","guid":{"rendered":"https:\/\/haberbesiktas.tr\/?p=7931"},"modified":"2025-02-11T07:48:05","modified_gmt":"2025-02-11T07:48:05","slug":"manchester-city-juventuslu-oyuncuya-gozunu-dikti","status":"publish","type":"post","link":"https:\/\/haberbesiktas.tr\/?p=7931","title":{"rendered":"Manchester City, Juventuslu oyuncuya g\u00f6z\u00fcn\u00fc dikti"},"content":{"rendered":"<div>Premier Lig ekiplerinden\u00a0Manchester City&#8217;de transfer \u00e7al\u0131\u015fmalar\u0131 s\u00fcr\u00fcyor.\u00a0<\/p>\n<p>Pep Guardiola, Rodri&#8217;nin d\u00f6nemi kapatmas\u0131 nedeniyle 6 numara i\u00e7in tak\u0131m\u0131n\u0131 g\u00fc\u00e7lendirmek istiyor.\u00a0<\/p>\n<p>Daha evvel Bruno Guimares ve Martin Zubimendi ile ilgilenen City, yapt\u0131\u011f\u0131 g\u00f6r\u00fc\u015fmelerden sonu\u00e7 alamay\u0131nca g\u00f6z\u00fcn\u00fc \u0130talya&#8217;ya \u00e7evirdi.<\/p>\n<p><strong>HEDEFTEK\u0130 \u0130S\u0130M LUIZ\u00a0<\/strong><\/p>\n<p>Sky Sports&#8217;un haberine nazaran Maviler, Juventus&#8217;ta forma giyen Douglas Luiz i\u00e7in kiral\u0131k teklifi yapmaya haz\u0131rlan\u0131yor.\u00a0<\/p>\n<p>26 ya\u015f\u0131ndaki oyuncunun bu transfer devrinde Juventus&#8217;tan ayr\u0131lmas\u0131 ve bir Premier Lig tak\u0131m\u0131nda forma giymesi bekleniyor.\u00a0<\/p>\n<p><strong>CITY&#8217;N\u0130N ESK\u0130 OYUNCUSU<\/strong><\/p>\n<p>Bu yaz 51.5 M<span>\u20ac&#8217;ya\u00a0<\/span>Juventus&#8217;a kat\u0131lan ve 16 ma\u00e7ta oynayan Brezilyal\u0131 oyuncu, s\u0131rf 474 dakika m\u00fcddet bulabildi.\u00a0<\/p>\n<p>2017 yaz\u0131nda Manchester City&#8217;ye 12 M<span>\u20ac bedelle kat\u0131lan Douglas Luiz, 2 sene boyunca Girona&#8217;ya kiralanm\u0131\u015f, akabinde Aston Villa&#8217;ya transfer olmu\u015ftu.<\/span><\/p>\n<p><\/div>\n","protected":false},"excerpt":{"rendered":"<p>Manchester City, Juventus&#8217;ta forma giyen Douglas Luiz i\u00e7in teklif yapmaya haz\u0131rlan\u0131yor.<\/p>\n","protected":false},"author":1,"featured_media":7932,"comment_status":"open","ping_status":"open","sticky":false,"template":"","format":"standard","meta":{"footnotes":""},"categories":[25],"tags":[],"class_list":["post-7931","post","type-post","status-publish","format-standard","has-post-thumbnail","hentry","category-futbol"],"_links":{"self":[{"href":"https:\/\/haberbesiktas.tr\/index.php?rest_route=\/wp\/v2\/posts\/7931","targetHints":{"allow":["GET"]}}],"collection":[{"href":"https:\/\/haberbesiktas.tr\/index.php?rest_route=\/wp\/v2\/posts"}],"about":[{"href":"https:\/\/haberbesiktas.tr\/index.php?rest_route=\/wp\/v2\/types\/post"}],"author":[{"embeddable":true,"href":"https:\/\/haberbesiktas.tr\/index.php?rest_route=\/wp\/v2\/users\/1"}],"replies":[{"embeddable":true,"href":"https:\/\/haberbesiktas.tr\/index.php?rest_route=%2Fwp%2Fv2%2Fcomments&post=7931"}],"version-history":[{"count":1,"href":"https:\/\/haberbesiktas.tr\/index.php?rest_route=\/wp\/v2\/posts\/7931\/revisions"}],"predecessor-version":[{"id":7933,"href":"https:\/\/haberbesiktas.tr\/index.php?rest_route=\/wp\/v2\/posts\/7931\/revisions\/7933"}],"wp:featuredmedia":[{"embeddable":true,"href":"https:\/\/haberbesiktas.tr\/index.php?rest_route=\/wp\/v2\/media\/7932"}],"wp:attachment":[{"href":"https:\/\/haberbesiktas.tr\/index.php?rest_route=%2Fwp%2Fv2%2Fmedia&parent=7931"}],"wp:term":[{"taxonomy":"category","embeddable":true,"href":"https:\/\/haberbesiktas.tr\/index.php?rest_route=%2Fwp%2Fv2%2Fcategories&post=7931"},{"taxonomy":"post_tag","embeddable":true,"href":"https:\/\/haberbesiktas.tr\/index.php?rest_route=%2Fwp%2Fv2%2Ftags&post=7931"}],"curies":[{"name":"wp","href":"https:\/\/api.w.org\/{rel}","templated":true}]}}