{"id":8139,"date":"2025-02-12T04:36:05","date_gmt":"2025-02-12T04:36:05","guid":{"rendered":"https:\/\/haberbesiktas.tr\/?p=8139"},"modified":"2025-02-12T04:36:05","modified_gmt":"2025-02-12T04:36:05","slug":"solskjaerden-yardimcilarina-talimat-torene-gelmeyin-isinize-baslayin","status":"publish","type":"post","link":"https:\/\/haberbesiktas.tr\/?p=8139","title":{"rendered":"Solskjaer&#8217;den yard\u0131mc\u0131lar\u0131na talimat: &#8220;T\u00f6rene gelmeyin, i\u015finize ba\u015flay\u0131n&#8221;"},"content":{"rendered":"<div>\n<p>Be\u015fikta\u015f Teknik Y\u00f6neticisi Ole Gunnar Solskjaer misyona gelir gelmez i\u015f disiplini ve vakti ger\u00e7ek planlama konusundaki hassasiyetini g\u00f6sterdi.<\/p>\n<p> Az vakitte \u00e7ok i\u015f yapmak zorunda oldu\u011funu bilen Norve\u00e7li \u00e7al\u0131\u015ft\u0131r\u0131c\u0131 evvelki g\u00fcn Lider Serdal Adal\u0131&#8217;n\u0131n da kat\u0131ld\u0131\u011f\u0131 merasimde 1 y\u0131l\u0131 opsiyonlu 2,5 y\u0131ll\u0131k kontrata imza atm\u0131\u015ft\u0131. Solskjaer&#8217;in yard\u0131mc\u0131s\u0131 Erling Moe ve kaleci antren\u00f6r\u00fc Richard John Hartis&#8217;in imza merasimine kat\u0131lmamas\u0131 ise dikkat \u00e7ekmi\u015fti.\u00a0<\/p>\n<p> <strong>&#8220;T\u00d6RENE GELMEY\u0130N \u0130\u015e\u0130N\u0130ZE BA\u015eLAYIN&#8221;\u00a0<\/strong><\/p>\n<p> Solskjaer&#8217;le birlikte sabah saatlerinde \u00dcmraniye&#8217;deki BJK Nevzat Demir Tesisleri&#8217;ne giden Erling Moe ve Richard John Hartis&#8217;in burada kald\u0131klar\u0131 belirlendi. Ole Gunnar Solskjaer&#8217;in, Moe ve Hartis&#8217;le yapt\u0131\u011f\u0131 g\u00f6r\u00fc\u015fmede tesislerde kalarak, \u00e7abucak \u00e7al\u0131\u015fmalara ba\u015flamalar\u0131n\u0131 istedi\u011fi ortaya \u00e7\u0131kt\u0131. Norve\u00e7li hocan\u0131n, &#8220;\u0130mza merasimine gelmeyin, i\u015finize \u00e7abucak ba\u015flay\u0131n. Merasimden sonra bir daha g\u00f6r\u00fc\u015felim&#8221; s\u00f6zlerini kulland\u0131\u011f\u0131 aktar\u0131ld\u0131.\u00a0<\/p>\n<p> <strong>F\u0130K\u0130R ALI\u015eVER\u0130\u015e\u0130NDE BULUNDULAR<\/strong><\/p>\n<p> Solskjaer&#8217;in bu iste\u011fini yerine getiren Moe ve Hartis&#8217;in tesislerde \u00e7e\u015fitli incelemelerde bulundu\u011fu kaydedildi. Norve\u00e7li Moe ve \u0130ngiliz Hartis&#8217;in \u00e7e\u015fitli bahislerde teknik adamlar ve idari i\u015f\u00e7iyle fikir al\u0131\u015fveri\u015finde bulunduklar\u0131 da \u00f6\u011frenildi.<\/p>\n<div>\u00a0<\/div>\n<\/div>\n","protected":false},"excerpt":{"rendered":"<p>Be\u015fikta\u015f&#8217;\u0131n yeni teknik y\u00f6neticisi Ole Gunnar Solskjaer, merasimden evvel yard\u0131mc\u0131s\u0131 Erling Moe ve kaleci antren\u00f6r\u00fc Richard John Hartis&#8217;le g\u00f6r\u00fc\u015ft\u00fc.<\/p>\n","protected":false},"author":1,"featured_media":8140,"comment_status":"open","ping_status":"open","sticky":false,"template":"","format":"standard","meta":{"footnotes":""},"categories":[25],"tags":[860],"class_list":["post-8139","post","type-post","status-publish","format-standard","has-post-thumbnail","hentry","category-futbol","tag-solskjaer"],"_links":{"self":[{"href":"https:\/\/haberbesiktas.tr\/index.php?rest_route=\/wp\/v2\/posts\/8139","targetHints":{"allow":["GET"]}}],"collection":[{"href":"https:\/\/haberbesiktas.tr\/index.php?rest_route=\/wp\/v2\/posts"}],"about":[{"href":"https:\/\/haberbesiktas.tr\/index.php?rest_route=\/wp\/v2\/types\/post"}],"author":[{"embeddable":true,"href":"https:\/\/haberbesiktas.tr\/index.php?rest_route=\/wp\/v2\/users\/1"}],"replies":[{"embeddable":true,"href":"https:\/\/haberbesiktas.tr\/index.php?rest_route=%2Fwp%2Fv2%2Fcomments&post=8139"}],"version-history":[{"count":1,"href":"https:\/\/haberbesiktas.tr\/index.php?rest_route=\/wp\/v2\/posts\/8139\/revisions"}],"predecessor-version":[{"id":8141,"href":"https:\/\/haberbesiktas.tr\/index.php?rest_route=\/wp\/v2\/posts\/8139\/revisions\/8141"}],"wp:featuredmedia":[{"embeddable":true,"href":"https:\/\/haberbesiktas.tr\/index.php?rest_route=\/wp\/v2\/media\/8140"}],"wp:attachment":[{"href":"https:\/\/haberbesiktas.tr\/index.php?rest_route=%2Fwp%2Fv2%2Fmedia&parent=8139"}],"wp:term":[{"taxonomy":"category","embeddable":true,"href":"https:\/\/haberbesiktas.tr\/index.php?rest_route=%2Fwp%2Fv2%2Fcategories&post=8139"},{"taxonomy":"post_tag","embeddable":true,"href":"https:\/\/haberbesiktas.tr\/index.php?rest_route=%2Fwp%2Fv2%2Ftags&post=8139"}],"curies":[{"name":"wp","href":"https:\/\/api.w.org\/{rel}","templated":true}]}}