{"id":8145,"date":"2025-02-12T05:00:06","date_gmt":"2025-02-12T05:00:06","guid":{"rendered":"https:\/\/haberbesiktas.tr\/?p=8145"},"modified":"2025-02-12T05:00:06","modified_gmt":"2025-02-12T05:00:06","slug":"galatasaraydan-mauro-icardi-karari","status":"publish","type":"post","link":"https:\/\/haberbesiktas.tr\/?p=8145","title":{"rendered":"Galatasaray&#8217;dan Mauro Icardi karar\u0131!"},"content":{"rendered":"<div>Galatasaray&#8217;da sakatl\u0131\u011f\u0131 sebebiyle b\u0131\u00e7ak alt\u0131na yatan Mauro Icardi i\u00e7in son karar verildi.<\/p>\n<p> Sar\u0131-k\u0131rm\u0131z\u0131l\u0131lar, Arjantinli y\u0131ld\u0131z\u0131 d\u00f6nemin geri kalan\u0131 i\u00e7in Avrupa tak\u0131m\u0131na dahil etmeyecek.<\/p>\n<p> <strong>KADER\u0130 3 \u0130SME BA\u011eLI<\/strong><\/p>\n<p> Sabah&#8217;ta yer alan habere nazaran, Icardi&#8217;nin S\u00fcper Lig i\u00e7in yazg\u0131s\u0131n\u0131 ise 3 futbolcu belirleyecek.<\/p>\n<p> Galatasaray \u015fayet Nelsson, Yusuf Demir ve Ziyech&#8217;i elden \u00e7\u0131karabilirse Icardi&#8217;yi 14. yabanc\u0131 olarak S\u00fcper Lig tak\u0131m\u0131na kay\u0131t ettirecek.<\/p>\n<p> <strong>SEZON PERFORMANSI<\/strong><\/p>\n<p> 31 ya\u015f\u0131ndaki Icardi bu d\u00f6nem Galatasaray&#8217;da 14 ma\u00e7ta forma giydi. Arjantinli santrfor bu m\u00fcsabakalarda 6 gol ve 2 asistlik performans g\u00f6sterdi.\u00a0<\/p>\n<div>\u00a0<\/div>\n<\/div>\n","protected":false},"excerpt":{"rendered":"<p>Galatasaray&#8217;da sakatl\u0131\u011f\u0131 sebebiyle d\u00f6nemi kapatan Mauro Icardi, Avrupa tak\u0131m\u0131na dahil edilmeyecek. \u0130\u015fte ayr\u0131nt\u0131lar&#8230;<\/p>\n","protected":false},"author":1,"featured_media":8146,"comment_status":"open","ping_status":"open","sticky":false,"template":"","format":"standard","meta":{"footnotes":""},"categories":[25],"tags":[],"class_list":["post-8145","post","type-post","status-publish","format-standard","has-post-thumbnail","hentry","category-futbol"],"_links":{"self":[{"href":"https:\/\/haberbesiktas.tr\/index.php?rest_route=\/wp\/v2\/posts\/8145","targetHints":{"allow":["GET"]}}],"collection":[{"href":"https:\/\/haberbesiktas.tr\/index.php?rest_route=\/wp\/v2\/posts"}],"about":[{"href":"https:\/\/haberbesiktas.tr\/index.php?rest_route=\/wp\/v2\/types\/post"}],"author":[{"embeddable":true,"href":"https:\/\/haberbesiktas.tr\/index.php?rest_route=\/wp\/v2\/users\/1"}],"replies":[{"embeddable":true,"href":"https:\/\/haberbesiktas.tr\/index.php?rest_route=%2Fwp%2Fv2%2Fcomments&post=8145"}],"version-history":[{"count":1,"href":"https:\/\/haberbesiktas.tr\/index.php?rest_route=\/wp\/v2\/posts\/8145\/revisions"}],"predecessor-version":[{"id":8147,"href":"https:\/\/haberbesiktas.tr\/index.php?rest_route=\/wp\/v2\/posts\/8145\/revisions\/8147"}],"wp:featuredmedia":[{"embeddable":true,"href":"https:\/\/haberbesiktas.tr\/index.php?rest_route=\/wp\/v2\/media\/8146"}],"wp:attachment":[{"href":"https:\/\/haberbesiktas.tr\/index.php?rest_route=%2Fwp%2Fv2%2Fmedia&parent=8145"}],"wp:term":[{"taxonomy":"category","embeddable":true,"href":"https:\/\/haberbesiktas.tr\/index.php?rest_route=%2Fwp%2Fv2%2Fcategories&post=8145"},{"taxonomy":"post_tag","embeddable":true,"href":"https:\/\/haberbesiktas.tr\/index.php?rest_route=%2Fwp%2Fv2%2Ftags&post=8145"}],"curies":[{"name":"wp","href":"https:\/\/api.w.org\/{rel}","templated":true}]}}