{"id":8192,"date":"2025-02-12T08:24:06","date_gmt":"2025-02-12T08:24:06","guid":{"rendered":"https:\/\/haberbesiktas.tr\/?p=8192"},"modified":"2025-02-12T08:24:06","modified_gmt":"2025-02-12T08:24:06","slug":"besiktasin-twente-deplasmaninda-600-taraftari-olacak","status":"publish","type":"post","link":"https:\/\/haberbesiktas.tr\/?p=8192","title":{"rendered":"Be\u015fikta\u015f&#8217;\u0131n Twente deplasman\u0131nda 600 taraftar\u0131 olacak!"},"content":{"rendered":"<div>\n<p>Be\u015fikta\u015f&#8217;\u0131n Twente deplasman\u0131nda trib\u00fcnde yer alacak taraftar say\u0131s\u0131 a\u015fik\u00e2r oldu<\/p>\n<p> Be\u015fikta\u015f&#8217;\u0131n 30 Ocak&#8217;ta Twente ile deplasmanda oynayaca\u011f\u0131 m\u00fcsabakaya Hollandal\u0131 yetkililerin karar\u0131 m\u00fcnasebeti ile Siyah-Beyazl\u0131 taraftarlar al\u0131nmayacakt\u0131.<\/p>\n<p><strong>600 TARAFTARI OLACAK!<\/strong><\/p>\n<p> Lider Serdal Adal\u0131 ve idarenin bu karar sonras\u0131nda yapt\u0131\u011f\u0131 te\u015febb\u00fcsler olumlu sonu\u00e7 verdi. Enschede \u015fehrinin belediye ba\u015fkan\u0131 ve resmi yetkililerle yap\u0131lan g\u00f6r\u00fc\u015fmeler sonras\u0131nda 600 T\u00fcrk taraftara kontenjan a\u00e7\u0131ld\u0131.<\/p>\n<p> \u00a0<\/p>\n<p> \u00a0<\/p>\n<p> \u00a0<\/p>\n<\/div>\n","protected":false},"excerpt":{"rendered":"<p>UEFA Avrupa Ligi&#8217;nin 8. haftas\u0131nda Be\u015fikta\u015f&#8217;\u0131n Twente&#8217;ye konuk olaca\u011f\u0131 ma\u00e7ta Enschede \u015fehrinin belediye ba\u015fkan\u0131 ve resmi yetkililerle yap\u0131lan g\u00f6r\u00fc\u015fmeler sonras\u0131nda 600 T\u00fcrk taraftara kontenjan a\u00e7\u0131ld\u0131.<\/p>\n","protected":false},"author":1,"featured_media":8193,"comment_status":"open","ping_status":"open","sticky":false,"template":"","format":"standard","meta":{"footnotes":""},"categories":[25],"tags":[],"class_list":["post-8192","post","type-post","status-publish","format-standard","has-post-thumbnail","hentry","category-futbol"],"_links":{"self":[{"href":"https:\/\/haberbesiktas.tr\/index.php?rest_route=\/wp\/v2\/posts\/8192","targetHints":{"allow":["GET"]}}],"collection":[{"href":"https:\/\/haberbesiktas.tr\/index.php?rest_route=\/wp\/v2\/posts"}],"about":[{"href":"https:\/\/haberbesiktas.tr\/index.php?rest_route=\/wp\/v2\/types\/post"}],"author":[{"embeddable":true,"href":"https:\/\/haberbesiktas.tr\/index.php?rest_route=\/wp\/v2\/users\/1"}],"replies":[{"embeddable":true,"href":"https:\/\/haberbesiktas.tr\/index.php?rest_route=%2Fwp%2Fv2%2Fcomments&post=8192"}],"version-history":[{"count":1,"href":"https:\/\/haberbesiktas.tr\/index.php?rest_route=\/wp\/v2\/posts\/8192\/revisions"}],"predecessor-version":[{"id":8194,"href":"https:\/\/haberbesiktas.tr\/index.php?rest_route=\/wp\/v2\/posts\/8192\/revisions\/8194"}],"wp:featuredmedia":[{"embeddable":true,"href":"https:\/\/haberbesiktas.tr\/index.php?rest_route=\/wp\/v2\/media\/8193"}],"wp:attachment":[{"href":"https:\/\/haberbesiktas.tr\/index.php?rest_route=%2Fwp%2Fv2%2Fmedia&parent=8192"}],"wp:term":[{"taxonomy":"category","embeddable":true,"href":"https:\/\/haberbesiktas.tr\/index.php?rest_route=%2Fwp%2Fv2%2Fcategories&post=8192"},{"taxonomy":"post_tag","embeddable":true,"href":"https:\/\/haberbesiktas.tr\/index.php?rest_route=%2Fwp%2Fv2%2Ftags&post=8192"}],"curies":[{"name":"wp","href":"https:\/\/api.w.org\/{rel}","templated":true}]}}