{"id":8195,"date":"2025-02-12T08:36:05","date_gmt":"2025-02-12T08:36:05","guid":{"rendered":"https:\/\/haberbesiktas.tr\/?p=8195"},"modified":"2025-02-12T08:36:05","modified_gmt":"2025-02-12T08:36:05","slug":"fenerbahceye-italyan-hakem","status":"publish","type":"post","link":"https:\/\/haberbesiktas.tr\/?p=8195","title":{"rendered":"Fenerbah\u00e7e&#8217;ye \u0130talyan hakem"},"content":{"rendered":"<div>UEFA Avrupa Ligi&#8217;nin 7. haftas\u0131nda Fenerbah\u00e7e&#8217;nin 23 Ocak Per\u015fembe g\u00fcn\u00fc Frans\u0131z tak\u0131m\u0131 Olimpik Lyon&#8217;u konuk edece\u011fi ma\u00e7\u0131 \u0130talyan hakem Simone Sozza y\u00f6netecek.<\/p>\n<p> UEFA&#8217;dan yap\u0131lan a\u00e7\u0131klamaya nazaran kar\u015f\u0131la\u015fmada Sozza&#8217;n\u0131n yard\u0131mc\u0131l\u0131klar\u0131n\u0131, Alberto Tegoni ve Giorgio Peretti \u00fcstlenecek.<\/p>\n<p> M\u00fcsabakan\u0131n d\u00f6rd\u00fcnc\u00fc hakemi ise yeniden \u0130talya Futbol Federasyonundan Matteo Marchetti olacak.<\/p>\n<p> \u00c7abada VAR koltu\u011funda Paolo Mazzoleni, AVAR&#8217;da ise Daniele Doveri vazife yapacak.<\/p>\n<\/div>\n","protected":false},"excerpt":{"rendered":"<p>UEFA Avrupa Ligi&#8217;nin 7. haftas\u0131nda Fenerbah\u00e7e&#8217;nin 23 Ocak Per\u015fembe g\u00fcn\u00fc Frans\u0131z grubu Olimpik Lyon&#8217;u konuk edece\u011fi ma\u00e7\u0131 \u0130talyan hakem Simone Sozza y\u00f6netecek.<\/p>\n","protected":false},"author":1,"featured_media":8196,"comment_status":"open","ping_status":"open","sticky":false,"template":"","format":"standard","meta":{"footnotes":""},"categories":[25],"tags":[],"class_list":["post-8195","post","type-post","status-publish","format-standard","has-post-thumbnail","hentry","category-futbol"],"_links":{"self":[{"href":"https:\/\/haberbesiktas.tr\/index.php?rest_route=\/wp\/v2\/posts\/8195","targetHints":{"allow":["GET"]}}],"collection":[{"href":"https:\/\/haberbesiktas.tr\/index.php?rest_route=\/wp\/v2\/posts"}],"about":[{"href":"https:\/\/haberbesiktas.tr\/index.php?rest_route=\/wp\/v2\/types\/post"}],"author":[{"embeddable":true,"href":"https:\/\/haberbesiktas.tr\/index.php?rest_route=\/wp\/v2\/users\/1"}],"replies":[{"embeddable":true,"href":"https:\/\/haberbesiktas.tr\/index.php?rest_route=%2Fwp%2Fv2%2Fcomments&post=8195"}],"version-history":[{"count":1,"href":"https:\/\/haberbesiktas.tr\/index.php?rest_route=\/wp\/v2\/posts\/8195\/revisions"}],"predecessor-version":[{"id":8197,"href":"https:\/\/haberbesiktas.tr\/index.php?rest_route=\/wp\/v2\/posts\/8195\/revisions\/8197"}],"wp:featuredmedia":[{"embeddable":true,"href":"https:\/\/haberbesiktas.tr\/index.php?rest_route=\/wp\/v2\/media\/8196"}],"wp:attachment":[{"href":"https:\/\/haberbesiktas.tr\/index.php?rest_route=%2Fwp%2Fv2%2Fmedia&parent=8195"}],"wp:term":[{"taxonomy":"category","embeddable":true,"href":"https:\/\/haberbesiktas.tr\/index.php?rest_route=%2Fwp%2Fv2%2Fcategories&post=8195"},{"taxonomy":"post_tag","embeddable":true,"href":"https:\/\/haberbesiktas.tr\/index.php?rest_route=%2Fwp%2Fv2%2Ftags&post=8195"}],"curies":[{"name":"wp","href":"https:\/\/api.w.org\/{rel}","templated":true}]}}