{"id":8198,"date":"2025-02-12T09:00:14","date_gmt":"2025-02-12T09:00:14","guid":{"rendered":"https:\/\/haberbesiktas.tr\/?p=8198"},"modified":"2025-02-12T09:00:14","modified_gmt":"2025-02-12T09:00:14","slug":"eyupspordan-berke-ozer-ve-mustafa-hekimoglu-aciklamasi","status":"publish","type":"post","link":"https:\/\/haberbesiktas.tr\/?p=8198","title":{"rendered":"Ey\u00fcpspor&#8217;dan Berke \u00d6zer ve Mustafa Hekimo\u011flu a\u00e7\u0131klamas\u0131"},"content":{"rendered":"<div>\n<p>Ey\u00fcpspor Asba\u015fkan\u0131 Fatih Kulaks\u0131z, Berke \u00d6zer ve Mustafa Erhan Hekimo\u011flu ile ilgili a\u00e7\u0131klamalarda bulundu.<\/p>\n<p> Kalecileri Berke \u00d6zer&#8217;in sat\u0131\u015f listesinde olmad\u0131\u011f\u0131n\u0131 belirten Kulaks\u0131z, &#8220;<strong>Berke \u00d6zer bizim i\u00e7in \u00e7ok bedelli. Berke i\u00e7in yurt d\u0131\u015f\u0131ndan da teklif var. Lakin Berke&#8217;yi satmay\u0131 d\u00fc\u015f\u00fcnm\u00fcyoruz. Hatta Berke i\u00e7in belirledi\u011fimiz bonservis bedeli gelse bile vazge\u00e7emeyebiliriz.<\/strong>&#8221; dedi.<\/p>\n<p> Asba\u015fkan Kulaks\u0131z, son olarak Be\u015fikta\u015f&#8217;\u0131n gen\u00e7 yetene\u011fi Mustafa Erhan Hekimo\u011flu hakk\u0131nda \u015fu s\u00f6zlere yer verdi:\u00a0<\/p>\n<p> &#8220;<strong>Be\u015fikta\u015f ile Mustafa Erhan Hekimo\u011flu i\u00e7in bir temas kuraca\u011f\u0131z. Kiral\u0131k olarak tak\u0131m\u0131m\u0131zda g\u00f6rmek istedi\u011fimiz bir oyuncu. Arda Turan da bu do\u011frultuda raporunu verdi.<\/strong>&#8220;<\/p>\n<\/div>\n","protected":false},"excerpt":{"rendered":"<p>Ey\u00fcspor Asba\u015fkan\u0131 Fatih Kulaks\u0131z, Berke \u00d6zer ve Mustafa Erhan Hekimo\u011flu ile ilgili konu\u015ftu.<\/p>\n","protected":false},"author":1,"featured_media":8199,"comment_status":"open","ping_status":"open","sticky":false,"template":"","format":"standard","meta":{"footnotes":""},"categories":[25],"tags":[1018],"class_list":["post-8198","post","type-post","status-publish","format-standard","has-post-thumbnail","hentry","category-futbol","tag-berke"],"_links":{"self":[{"href":"https:\/\/haberbesiktas.tr\/index.php?rest_route=\/wp\/v2\/posts\/8198","targetHints":{"allow":["GET"]}}],"collection":[{"href":"https:\/\/haberbesiktas.tr\/index.php?rest_route=\/wp\/v2\/posts"}],"about":[{"href":"https:\/\/haberbesiktas.tr\/index.php?rest_route=\/wp\/v2\/types\/post"}],"author":[{"embeddable":true,"href":"https:\/\/haberbesiktas.tr\/index.php?rest_route=\/wp\/v2\/users\/1"}],"replies":[{"embeddable":true,"href":"https:\/\/haberbesiktas.tr\/index.php?rest_route=%2Fwp%2Fv2%2Fcomments&post=8198"}],"version-history":[{"count":1,"href":"https:\/\/haberbesiktas.tr\/index.php?rest_route=\/wp\/v2\/posts\/8198\/revisions"}],"predecessor-version":[{"id":8200,"href":"https:\/\/haberbesiktas.tr\/index.php?rest_route=\/wp\/v2\/posts\/8198\/revisions\/8200"}],"wp:featuredmedia":[{"embeddable":true,"href":"https:\/\/haberbesiktas.tr\/index.php?rest_route=\/wp\/v2\/media\/8199"}],"wp:attachment":[{"href":"https:\/\/haberbesiktas.tr\/index.php?rest_route=%2Fwp%2Fv2%2Fmedia&parent=8198"}],"wp:term":[{"taxonomy":"category","embeddable":true,"href":"https:\/\/haberbesiktas.tr\/index.php?rest_route=%2Fwp%2Fv2%2Fcategories&post=8198"},{"taxonomy":"post_tag","embeddable":true,"href":"https:\/\/haberbesiktas.tr\/index.php?rest_route=%2Fwp%2Fv2%2Ftags&post=8198"}],"curies":[{"name":"wp","href":"https:\/\/api.w.org\/{rel}","templated":true}]}}