{"id":8201,"date":"2025-02-12T09:12:13","date_gmt":"2025-02-12T09:12:13","guid":{"rendered":"https:\/\/haberbesiktas.tr\/?p=8201"},"modified":"2025-02-12T09:12:13","modified_gmt":"2025-02-12T09:12:13","slug":"bayernde-korkulan-olmadi-alphonso-davies","status":"publish","type":"post","link":"https:\/\/haberbesiktas.tr\/?p=8201","title":{"rendered":"Bayern&#8217;de korkulan olmad\u0131: Alphonso Davies"},"content":{"rendered":"<div>Bayern M\u00fcnih, Alphonso Davies&#8217;in d\u00f6nem sonunda bitecek olan kontrat\u0131 yenilemeye haz\u0131rlan\u0131yor.<\/p>\n<p> Sky DE&#8217;de yer alan habere nazaran; Alman devi, Alphonso Davies&#8217;in mukavelesini 2030 y\u0131l\u0131na kadar uzatmak \u00fczere.<\/p>\n<p> <strong>ANLA\u015eMANIN DETAYLARI<\/strong><\/p>\n<p> Bayern M\u00fcnih, Kanadal\u0131 oyuncuya y\u0131ll\u0131k 15 milyon euro \u00f6deyecek. Mukavele i\u00e7in ayr\u0131yeten imza paras\u0131 da \u00f6denecek. Yap\u0131lan muahedede ayr\u0131yeten bonus unsurlar\u0131n\u0131n de oldu\u011fu belirtildi.<\/p>\n<p> <strong>RESM\u0130 A\u00c7IKLAMA YAKINDA<\/strong><\/p>\n<p> Alman devinin, son ayr\u0131nt\u0131lar\u0131n akabinde muahedeyi resmi olarak a\u00e7\u0131klamas\u0131 bekleniyor. Y\u0131ld\u0131z futbolcunun ismi daha evvel Real Madrid ile an\u0131l\u0131yordu.<\/p>\n<p>24 ya\u015f\u0131ndaki sol, bu d\u00f6nem 24 ma\u00e7a \u00e7\u0131kt\u0131 ve 1 gol 3 asistlik performans sergiledi.<\/p>\n<\/div>\n","protected":false},"excerpt":{"rendered":"<p>Bayern M\u00fcnih, Alphonso Davies&#8217;in d\u00f6nem sonunda bitecek olan kontrat\u0131 uzatmak i\u00e7in muahedeye yak\u0131n. Ayr\u0131nt\u0131lar&#8230;<\/p>\n","protected":false},"author":1,"featured_media":8202,"comment_status":"open","ping_status":"open","sticky":false,"template":"","format":"standard","meta":{"footnotes":""},"categories":[25],"tags":[],"class_list":["post-8201","post","type-post","status-publish","format-standard","has-post-thumbnail","hentry","category-futbol"],"_links":{"self":[{"href":"https:\/\/haberbesiktas.tr\/index.php?rest_route=\/wp\/v2\/posts\/8201","targetHints":{"allow":["GET"]}}],"collection":[{"href":"https:\/\/haberbesiktas.tr\/index.php?rest_route=\/wp\/v2\/posts"}],"about":[{"href":"https:\/\/haberbesiktas.tr\/index.php?rest_route=\/wp\/v2\/types\/post"}],"author":[{"embeddable":true,"href":"https:\/\/haberbesiktas.tr\/index.php?rest_route=\/wp\/v2\/users\/1"}],"replies":[{"embeddable":true,"href":"https:\/\/haberbesiktas.tr\/index.php?rest_route=%2Fwp%2Fv2%2Fcomments&post=8201"}],"version-history":[{"count":1,"href":"https:\/\/haberbesiktas.tr\/index.php?rest_route=\/wp\/v2\/posts\/8201\/revisions"}],"predecessor-version":[{"id":8203,"href":"https:\/\/haberbesiktas.tr\/index.php?rest_route=\/wp\/v2\/posts\/8201\/revisions\/8203"}],"wp:featuredmedia":[{"embeddable":true,"href":"https:\/\/haberbesiktas.tr\/index.php?rest_route=\/wp\/v2\/media\/8202"}],"wp:attachment":[{"href":"https:\/\/haberbesiktas.tr\/index.php?rest_route=%2Fwp%2Fv2%2Fmedia&parent=8201"}],"wp:term":[{"taxonomy":"category","embeddable":true,"href":"https:\/\/haberbesiktas.tr\/index.php?rest_route=%2Fwp%2Fv2%2Fcategories&post=8201"},{"taxonomy":"post_tag","embeddable":true,"href":"https:\/\/haberbesiktas.tr\/index.php?rest_route=%2Fwp%2Fv2%2Ftags&post=8201"}],"curies":[{"name":"wp","href":"https:\/\/api.w.org\/{rel}","templated":true}]}}