{"id":8204,"date":"2025-02-12T09:24:06","date_gmt":"2025-02-12T09:24:06","guid":{"rendered":"https:\/\/haberbesiktas.tr\/?p=8204"},"modified":"2025-02-12T09:24:06","modified_gmt":"2025-02-12T09:24:06","slug":"eczacibasi-dynavitin-rakibi-levallois-paris-saint-cloud","status":"publish","type":"post","link":"https:\/\/haberbesiktas.tr\/?p=8204","title":{"rendered":"Eczac\u0131ba\u015f\u0131 Dynavit&#8217;in rakibi Levallois Paris Saint Cloud"},"content":{"rendered":"<p>Eczac\u0131ba\u015f\u0131 Dynavit Bayan Voleybol Ekibi, CEV \u015eampiyonlar Ligi B K\u00fcmesi alt\u0131nc\u0131 ve son hafta ma\u00e7\u0131nda \u00e7ar\u015famba g\u00fcn\u00fc Fransa temsilcisi Levallois Paris Saint Cloud&#8217;u konuk edecek.<\/p>\n<p> Burhan Felek Voleybol Salonu&#8217;nda oynanacak kar\u015f\u0131la\u015fma, saat 17.00&#8217;de ba\u015flayacak.<\/p>\n<p> M\u00fcsabakay\u0131 S\u0131rbistanl\u0131 Tomislav Popovic ile Azerbaycanl\u0131 Eldar Zulfugarov hakem ikilisi y\u00f6netecek.<\/p>\n<p> K\u00fcmede oynad\u0131\u011f\u0131 5 ma\u00e7\u0131 da kazanarak birinci s\u0131rada yer alan Eczac\u0131ba\u015f\u0131 Dynavit, \u00e7eyrek finale y\u00fckselmeyi garantilemi\u015fti.<\/p>\n<p> Fransa temsilcisi ise k\u00fcmede yapt\u0131\u011f\u0131 5 ma\u00e7\u0131 kaybederek son s\u0131rada yer ald\u0131.<\/p>\n","protected":false},"excerpt":{"rendered":"<p>Eczac\u0131ba\u015f\u0131 Dynavit, CEV \u015eampiyonlar Ligi&#8217;nde Levallois Paris Saint Cloud&#8217;u a\u011f\u0131rlayacak.<\/p>\n","protected":false},"author":1,"featured_media":8205,"comment_status":"open","ping_status":"open","sticky":false,"template":"","format":"standard","meta":{"footnotes":""},"categories":[39],"tags":[],"class_list":["post-8204","post","type-post","status-publish","format-standard","has-post-thumbnail","hentry","category-voleybol"],"_links":{"self":[{"href":"https:\/\/haberbesiktas.tr\/index.php?rest_route=\/wp\/v2\/posts\/8204","targetHints":{"allow":["GET"]}}],"collection":[{"href":"https:\/\/haberbesiktas.tr\/index.php?rest_route=\/wp\/v2\/posts"}],"about":[{"href":"https:\/\/haberbesiktas.tr\/index.php?rest_route=\/wp\/v2\/types\/post"}],"author":[{"embeddable":true,"href":"https:\/\/haberbesiktas.tr\/index.php?rest_route=\/wp\/v2\/users\/1"}],"replies":[{"embeddable":true,"href":"https:\/\/haberbesiktas.tr\/index.php?rest_route=%2Fwp%2Fv2%2Fcomments&post=8204"}],"version-history":[{"count":1,"href":"https:\/\/haberbesiktas.tr\/index.php?rest_route=\/wp\/v2\/posts\/8204\/revisions"}],"predecessor-version":[{"id":8206,"href":"https:\/\/haberbesiktas.tr\/index.php?rest_route=\/wp\/v2\/posts\/8204\/revisions\/8206"}],"wp:featuredmedia":[{"embeddable":true,"href":"https:\/\/haberbesiktas.tr\/index.php?rest_route=\/wp\/v2\/media\/8205"}],"wp:attachment":[{"href":"https:\/\/haberbesiktas.tr\/index.php?rest_route=%2Fwp%2Fv2%2Fmedia&parent=8204"}],"wp:term":[{"taxonomy":"category","embeddable":true,"href":"https:\/\/haberbesiktas.tr\/index.php?rest_route=%2Fwp%2Fv2%2Fcategories&post=8204"},{"taxonomy":"post_tag","embeddable":true,"href":"https:\/\/haberbesiktas.tr\/index.php?rest_route=%2Fwp%2Fv2%2Ftags&post=8204"}],"curies":[{"name":"wp","href":"https:\/\/api.w.org\/{rel}","templated":true}]}}