{"id":8265,"date":"2025-02-12T14:00:08","date_gmt":"2025-02-12T14:00:08","guid":{"rendered":"https:\/\/haberbesiktas.tr\/?p=8265"},"modified":"2025-02-12T14:00:08","modified_gmt":"2025-02-12T14:00:08","slug":"28-yildir-yesil-sahalarda-top-kosturuyor","status":"publish","type":"post","link":"https:\/\/haberbesiktas.tr\/?p=8265","title":{"rendered":"28 y\u0131ld\u0131r ye\u015fil sahalarda top ko\u015fturuyor"},"content":{"rendered":"<div>\n<p>Burdur Birinci Amat\u00f6r K\u00fcmede gayret eden G\u00f6lhisar Vefaspor&#8217;un kaptan\u0131 \u0130brahim Sara\u00e7 (43), 28 y\u0131ld\u0131r ye\u015fil alanlarda top ko\u015fturuyor. Futbola 15 ya\u015f\u0131nda G\u00f6lhisarspor&#8217;da ba\u015flayan Sara\u00e7, amat\u00f6r ve profesyonel \u00e7ok say\u0131da grupta oynad\u0131.<\/p>\n<p> Ge\u00e7en y\u0131l ba\u015fkanl\u0131\u011f\u0131n\u0131 ve kaptanl\u0131\u011f\u0131n\u0131 yapt\u0131\u011f\u0131 G\u00f6lhisar Vefaspor&#8217;da futbol hayat\u0131n\u0131 s\u00fcrd\u00fcren \u0130brahim Sara\u00e7, kadrosu ile Burdur 1. Amat\u00f6r K\u00fcme&#8217;de play-off u\u011fra\u015f\u0131 veriyor. 15 ya\u015f\u0131nda G\u00f6lhisarspor&#8217;da forma giymeye ba\u015flad\u0131\u011f\u0131n\u0131 aktaran Sara\u00e7, <strong>&#8220;Denizli&#8217;de, Milas&#8217;ta, Mu\u011fla&#8217;da, \u0130zmir&#8217;de \u00e7e\u015fitli gruplarda forma giydikten sonra G\u00f6lhisarspor kul\u00fcb\u00fcne geldim. Ge\u00e7en y\u0131l G\u00f6lhisar Vefaspor kul\u00fcb\u00fcn\u00fc kurdum&#8221;<\/strong> dedi.<\/p>\n<p> Burdur 1. Amat\u00f6r K\u00fcme&#8217;de play-off gayreti verdiklerini belirten Sara\u00e7, <strong>&#8220;Ligin ikinci yar\u0131s\u0131nda kadrodan 14 futbolcuyu g\u00f6nderdik. Lige ba\u015flarken hedefimiz ligde kalmakt\u0131. Ligde kald\u0131k, maksad\u0131m\u0131z birinci d\u00f6rde girmek. \u015eu an 4&#8217;\u00fcnc\u00fc s\u0131raday\u0131z&#8221;<\/strong> diye konu\u015ftu.\u00a0<\/p>\n<p> Gen\u00e7lere en b\u00fcy\u00fck tavsiyesinin alkol ve sigaradan uzak durmalar\u0131 oldu\u011funu vurgulayan Sara\u00e7,<strong> &#8220;Gen\u00e7ler sporla u\u011fra\u015fs\u0131n, spor ho\u015ftur. Spordaki arkada\u015fl\u0131k her vakit art\u0131d\u0131r. Ba\u015fkan be\u015ferler atletlerden \u00e7\u0131kar. Spor ortam\u0131 anlat\u0131lmaz ya\u015fan\u0131r. \u015eu an 43 ya\u015f\u0131nday\u0131m. Futbol oynuyorum, oynamaya da devam edece\u011fim&#8221;<\/strong> diye konu\u015ftu.\u00a0<\/p>\n<p> Kendisini fizik\u00ee olarak d\u00fczg\u00fcn hissetti\u011fini belirten Sara\u00e7, <strong>&#8220;\u0130n\u015fallah iki y\u0131l daha futbol oynad\u0131ktan sonra kendim \u00fczere d\u00fczg\u00fcn bir stoper yeti\u015ftirip, antren\u00f6rl\u00fck yapmaya ba\u015flayaca\u011f\u0131m. Trib\u00fcnde, alanda ve saha kenar\u0131nda k\u00fcf\u00fcrlerin olmad\u0131\u011f\u0131, bac\u0131lar\u0131m\u0131z\u0131n, karde\u015flerimizin, k\u0131zlar\u0131m\u0131z\u0131n rahat ma\u00e7 izleyece\u011fi bir ortam i\u00e7in buraday\u0131z. Bize takviye veren vermeyen herkese te\u015fekk\u00fcr ediyorum&#8221;<\/strong> tabirlerini kulland\u0131.\u00a0<\/p>\n<\/div>\n","protected":false},"excerpt":{"rendered":"<p>28 y\u0131ll\u0131k futbol mesle\u011fine 43 ya\u015f\u0131nda kaptan ve lider olarak devam eden \u0130brahim Sara\u00e7, gen\u00e7lere sporu tavsiye ederken alanda yeni maksatlara ko\u015fuyor.<\/p>\n","protected":false},"author":1,"featured_media":8266,"comment_status":"open","ping_status":"open","sticky":false,"template":"","format":"standard","meta":{"footnotes":""},"categories":[25],"tags":[172,1034,1033,65],"class_list":["post-8265","post","type-post","status-publish","format-standard","has-post-thumbnail","hentry","category-futbol","tag-futbol","tag-golhisar","tag-sarac","tag-spor"],"_links":{"self":[{"href":"https:\/\/haberbesiktas.tr\/index.php?rest_route=\/wp\/v2\/posts\/8265","targetHints":{"allow":["GET"]}}],"collection":[{"href":"https:\/\/haberbesiktas.tr\/index.php?rest_route=\/wp\/v2\/posts"}],"about":[{"href":"https:\/\/haberbesiktas.tr\/index.php?rest_route=\/wp\/v2\/types\/post"}],"author":[{"embeddable":true,"href":"https:\/\/haberbesiktas.tr\/index.php?rest_route=\/wp\/v2\/users\/1"}],"replies":[{"embeddable":true,"href":"https:\/\/haberbesiktas.tr\/index.php?rest_route=%2Fwp%2Fv2%2Fcomments&post=8265"}],"version-history":[{"count":1,"href":"https:\/\/haberbesiktas.tr\/index.php?rest_route=\/wp\/v2\/posts\/8265\/revisions"}],"predecessor-version":[{"id":8267,"href":"https:\/\/haberbesiktas.tr\/index.php?rest_route=\/wp\/v2\/posts\/8265\/revisions\/8267"}],"wp:featuredmedia":[{"embeddable":true,"href":"https:\/\/haberbesiktas.tr\/index.php?rest_route=\/wp\/v2\/media\/8266"}],"wp:attachment":[{"href":"https:\/\/haberbesiktas.tr\/index.php?rest_route=%2Fwp%2Fv2%2Fmedia&parent=8265"}],"wp:term":[{"taxonomy":"category","embeddable":true,"href":"https:\/\/haberbesiktas.tr\/index.php?rest_route=%2Fwp%2Fv2%2Fcategories&post=8265"},{"taxonomy":"post_tag","embeddable":true,"href":"https:\/\/haberbesiktas.tr\/index.php?rest_route=%2Fwp%2Fv2%2Ftags&post=8265"}],"curies":[{"name":"wp","href":"https:\/\/api.w.org\/{rel}","templated":true}]}}