{"id":8274,"date":"2025-02-12T14:36:09","date_gmt":"2025-02-12T14:36:09","guid":{"rendered":"https:\/\/haberbesiktas.tr\/?p=8274"},"modified":"2025-02-12T14:36:09","modified_gmt":"2025-02-12T14:36:09","slug":"goztepenin-gencleri-super-lige-damga-vuruyor","status":"publish","type":"post","link":"https:\/\/haberbesiktas.tr\/?p=8274","title":{"rendered":"G\u00f6ztepe&#8217;nin gen\u00e7leri S\u00fcper Lig&#8217;e damga vuruyor"},"content":{"rendered":"<div>\n<div>\n<div>\n<div>\n<div>\n<div>\n<div> Milletleraras\u0131 Spor Ara\u015ft\u0131rmalar\u0131 Merkezi (CIES), S\u00fcper Lig&#8217;de forma giyen U23 futbolcular\u0131 ortas\u0131nda en \u00e2l\u00e2 birinci 10 ismi belirlerken, G\u00f6ztepe&#8217;de 4 oyuncu listede yer ald\u0131. Yap\u0131lan ara\u015ft\u0131rma sonucunda sar\u0131-k\u0131rm\u0131z\u0131l\u0131lar\u0131n golc\u00fc y\u0131ld\u0131z\u0131 Romulo&#8217;nun yan\u0131 s\u0131ra stoper Taha Alt\u0131karde\u015f, Brezilyal\u0131 forvet Juan Silva ile Nijeryal\u0131 orta saha Anthony Dennis listede yer ald\u0131. <\/p>\n<p>CIES&#8217;e nazaran Be\u015fikta\u015fl\u0131 golc\u00fc Semih K\u0131l\u0131\u00e7soy birinci s\u0131ray\u0131 al\u0131rken, Antalyasporlu Kaluzinski ikinci, Kas\u0131mpa\u015fa&#8217;n\u0131n gen\u00e7 sol beki Yasin \u00d6zcan \u00fc\u00e7\u00fcnc\u00fc oldu. Listede yeniden Be\u015fikta\u015f&#8217;tan Ndour, Ba\u015fak\u015fehir&#8217;den Hamza G\u00fcreler ile Gaziantep FK&#8217;dan Kozlowski de kendilerine yer buldu.<\/p>\n<p> Bu d\u00f6nem \u00e7ok gen\u00e7 bir tak\u0131mla gayret eden G\u00f6ztepe&#8217;de 4 futbolcunun en uygunlar ortas\u0131nda g\u00f6sterilmesi teknik tak\u0131m\u0131 ve camiay\u0131 hayli keyifli etti. Bu d\u00f6nem \u00dcst\u00fcn Lig&#8217;e damga vuran Brezilyal\u0131 forvet Romulo, 16 lig m\u00fcsabakas\u0131nda 9 gol at\u0131p 5 de asist yapt\u0131. Dayan\u0131lmaz bir performans ortaya koyan 22 ya\u015f\u0131ndaki Sambac\u0131 transferin de be\u011fenilen ismi haline geldi. Bu d\u00f6nem ba\u015f\u0131nda transfer edilen 22 ya\u015f\u0131ndaki Juan da gruba de\u011ferli katk\u0131lar sa\u011flad\u0131. 17 S\u00fcper Lig kar\u015f\u0131la\u015fmas\u0131nda 5 gol atan Juan 2 de asist yapt\u0131.<\/p>\n<p> <strong>TAHA AVRUPA&#8217;YA G\u00d6Z KIRPIYOR<\/strong><\/p>\n<p> G\u00f6ztepe&#8217;ye 2023-2024 d\u00f6neminde Trabzonspor&#8217;dan gelen 21 ya\u015f\u0131ndaki Taha da gen\u00e7 ya\u015f\u0131na kar\u015f\u0131n kendini kan\u0131tlad\u0131. Bu d\u00f6nem G\u00f6z-G\u00f6z ile 15 m\u00fcsabakaya \u00e7\u0131kan Taha 2 defa a\u011flar\u0131 sarst\u0131 ve 1 de gol pas\u0131 verdi. Ba\u015far\u0131l\u0131 oyunuyla alk\u0131\u015f toplayan Taha, Avrupa&#8217;dan bir\u00e7ok kul\u00fcb\u00fcn de dikkatini \u00e7ekti. Teknik y\u00f6netici Stanimir Stoilov&#8217;un U19 grubundayken ke\u015ffetti\u011fi Dennis de orta sahan\u0131n dinamosu haline geldi. 20 ya\u015f\u0131ndaki Nijeryal\u0131 bu d\u00f6nem 16 ma\u00e7ta sahne ald\u0131 ve 2 asist yapt\u0131.<\/p><\/div>\n<\/p><\/div>\n<\/p><\/div>\n<\/p><\/div>\n<\/p><\/div>\n<\/p><\/div>\n<\/div>\n","protected":false},"excerpt":{"rendered":"<p>Memleketler aras\u0131 Spor Ara\u015ft\u0131rmalar\u0131 Merkezi (CIES), S\u00fcper Lig&#8217;de forma giyen U23 futbolcular\u0131 ortas\u0131nda en yeterli birinci 10 ismi belirlerken, G\u00f6ztepe&#8217;de 4 oyuncu listede yer ald\u0131.<\/p>\n","protected":false},"author":1,"featured_media":8275,"comment_status":"open","ping_status":"open","sticky":false,"template":"","format":"standard","meta":{"footnotes":""},"categories":[25],"tags":[77,816,1039],"class_list":["post-8274","post","type-post","status-publish","format-standard","has-post-thumbnail","hentry","category-futbol","tag-gol","tag-goz","tag-taha"],"_links":{"self":[{"href":"https:\/\/haberbesiktas.tr\/index.php?rest_route=\/wp\/v2\/posts\/8274","targetHints":{"allow":["GET"]}}],"collection":[{"href":"https:\/\/haberbesiktas.tr\/index.php?rest_route=\/wp\/v2\/posts"}],"about":[{"href":"https:\/\/haberbesiktas.tr\/index.php?rest_route=\/wp\/v2\/types\/post"}],"author":[{"embeddable":true,"href":"https:\/\/haberbesiktas.tr\/index.php?rest_route=\/wp\/v2\/users\/1"}],"replies":[{"embeddable":true,"href":"https:\/\/haberbesiktas.tr\/index.php?rest_route=%2Fwp%2Fv2%2Fcomments&post=8274"}],"version-history":[{"count":1,"href":"https:\/\/haberbesiktas.tr\/index.php?rest_route=\/wp\/v2\/posts\/8274\/revisions"}],"predecessor-version":[{"id":8276,"href":"https:\/\/haberbesiktas.tr\/index.php?rest_route=\/wp\/v2\/posts\/8274\/revisions\/8276"}],"wp:featuredmedia":[{"embeddable":true,"href":"https:\/\/haberbesiktas.tr\/index.php?rest_route=\/wp\/v2\/media\/8275"}],"wp:attachment":[{"href":"https:\/\/haberbesiktas.tr\/index.php?rest_route=%2Fwp%2Fv2%2Fmedia&parent=8274"}],"wp:term":[{"taxonomy":"category","embeddable":true,"href":"https:\/\/haberbesiktas.tr\/index.php?rest_route=%2Fwp%2Fv2%2Fcategories&post=8274"},{"taxonomy":"post_tag","embeddable":true,"href":"https:\/\/haberbesiktas.tr\/index.php?rest_route=%2Fwp%2Fv2%2Ftags&post=8274"}],"curies":[{"name":"wp","href":"https:\/\/api.w.org\/{rel}","templated":true}]}}