{"id":8277,"date":"2025-02-12T14:48:12","date_gmt":"2025-02-12T14:48:12","guid":{"rendered":"https:\/\/haberbesiktas.tr\/?p=8277"},"modified":"2025-02-12T14:48:12","modified_gmt":"2025-02-12T14:48:12","slug":"milli-boksore-icra-soku","status":"publish","type":"post","link":"https:\/\/haberbesiktas.tr\/?p=8277","title":{"rendered":"Milli boks\u00f6re icra \u015foku"},"content":{"rendered":"<p>Ankara&#8217;da, arkada\u015f\u0131n\u0131n kulland\u0131\u011f\u0131, \u00fczerine kay\u0131tl\u0131 arabayla 3 y\u0131l evvel trafik kazas\u0131na kar\u0131\u015fan ulusal boks\u00f6r Kaan Aykutsun&#8217;a (23), sigorta \u015firketlerinin m\u00fcracaat\u0131yla 490 bin TL bor\u00e7 \u00e7\u0131kar\u0131l\u0131p icra takibi ba\u015flat\u0131ld\u0131. Aykutsun, Paris 2024 Olimpiyat Oyunlar\u0131&#8217;ndayken konutuna icra memurlar\u0131 geldi\u011fini ve \u00fczerine kay\u0131tl\u0131 mal varl\u0131\u011f\u0131 olup olmad\u0131\u011f\u0131n\u0131n denetim edildi\u011fini s\u00f6yledi.\u00a0<\/p>\n<p> Ulusal boks\u00f6r Kaan Aykutsun, 25 Eyl\u00fcl 2022&#8217;de arkada\u015f\u0131n\u0131n kulland\u0131\u011f\u0131 06 CZG 551 plakal\u0131 \u00fczerine kay\u0131tl\u0131 arabayla Pursaklar il\u00e7esinde kazaya kar\u0131\u015ft\u0131. Aykutsun&#8217;un arac\u0131yla \u00e7arp\u0131\u015ft\u0131\u011f\u0131 arabada hasar meydana geldi. Ara\u00e7lardaki hasar\u0131n 141 bin 546 TL&#8217;si Aykutsun&#8217;un, 344 bin 391 TL&#8217;si ise kar\u015f\u0131 taraf\u0131n sigorta \u015firketi taraf\u0131ndan kar\u015f\u0131land\u0131. Aykutsun, olaydan 1 ay sonra e-Devlet&#8217;e girdi\u011finde, sigorta \u015firketlerinin kendisine 490 bin TL bor\u00e7 yans\u0131tt\u0131\u011f\u0131n\u0131 g\u00f6rd\u00fc. Aykutsun hakk\u0131nda sigorta \u015firketlerinin ba\u015fvurusu \u00fczerine icra takibi ba\u015flat\u0131ld\u0131.<\/p>\n<p> Aykutsun, 26 Temmuz-11 A\u011fustos 2024&#8217;te d\u00fczenlenen &#8216;Paris 2024 Olimpiyat Oyunlar\u0131&#8217;nda T\u00fcrkiye&#8217;yi temsil etti\u011fi s\u0131rada meskenine icra memurlar\u0131 geldi\u011fini s\u00f6yleyerek, <strong>&#8220;Anneme \u00fczerime kay\u0131tl\u0131 mal varl\u0131\u011f\u0131m olup olmad\u0131\u011f\u0131n\u0131n denetim edilece\u011fini, meskende olmad\u0131\u011f\u0131mdan \u00f6t\u00fcr\u00fc da daha sonra tekrar geleceklerini s\u00f6ylemi\u015fler. Olimpiyatlarda gayem final oynamakt\u0131. Finale kadar y\u00fckselip bu ba\u015far\u0131m\u0131 alt\u0131n madalya ile ta\u00e7land\u0131rmak istedim ama ma\u011fduriyetim ve \u00fczerime kalan bor\u00e7lardan \u00f6t\u00fcr\u00fc ruhsal manada kendimi yeterli hissedemedim ve son 16 \u00e7e\u015fidinde e\u011flendim. Elimden gelenin fazlas\u0131n\u0131 yapmaya \u00e7al\u0131\u015ft\u0131m. Final oynamak istiyordum lakin i\u00e7imde ukde kald\u0131. Benim profesyonel sporculuk hayat\u0131m\u0131 etkiledi bu olay&#8221;<\/strong> diye konu\u015ftu.<\/p>\n<p> Aykutsun, yeni se\u00e7ilen G\u00fcre\u015f Federasyonu Ba\u015fkan\u0131 Suat Hekimo\u011flu&#8217;na hay\u0131rl\u0131 olsun ziyaretinde bulundu\u011fu s\u0131rada ya\u015fad\u0131\u011f\u0131 meseleleri anlatt\u0131\u011f\u0131n\u0131 s\u00f6z ederek,<strong> &#8220;Ba\u015fkan\u0131m\u0131z bizi \u00e7ok samimi kar\u015f\u0131lad\u0131. Biz de bunun sonucunda s\u0131k\u0131nt\u0131m\u0131z\u0131, sorunlar\u0131m\u0131z\u0131 liderimize anlatt\u0131k. Liderimiz da bize bir nasihatte bulundu. &#8216;Bizim katiyetle \u00f6nceli\u011fimiz, sporcular\u0131m\u0131zd\u0131r&#8217; dedi. Sorunlar\u0131m\u0131za tahlil bulaca\u011f\u0131n\u0131 s\u00f6yledi. \u015eu anki maksad\u0131m 2028 Los Angeles Olimpiyatlar\u0131. \u00c7al\u0131\u015fmalar\u0131ma devam ediyorum. Elimden ne gelirse fazlas\u0131n\u0131 yapaca\u011f\u0131m\u0131 ve in\u015fallah alt\u0131n madalyayla mesle\u011fimi ta\u00e7land\u0131raca\u011f\u0131ma inan\u0131yorum ve kendime g\u00fcveniyorum&#8221;<\/strong> diye konu\u015ftu.\u00a0<\/p>\n","protected":false},"excerpt":{"rendered":"<p>Ulusal boks\u00f6r Kaan Aykutsun, Paris 2024 Olimpiyatlar\u0131&#8217;nda ya\u015fad\u0131\u011f\u0131 bor\u00e7 ma\u011fduriyetinin ruhsal tesiriyle son 16&#8217;da elendi, 2028 Los Angeles Olimpiyatlar\u0131 i\u00e7in maksad\u0131n\u0131 belirledi.<\/p>\n","protected":false},"author":1,"featured_media":8278,"comment_status":"open","ping_status":"open","sticky":false,"template":"","format":"standard","meta":{"footnotes":""},"categories":[27],"tags":[],"class_list":["post-8277","post","type-post","status-publish","format-standard","has-post-thumbnail","hentry","category-guncel-haberler"],"_links":{"self":[{"href":"https:\/\/haberbesiktas.tr\/index.php?rest_route=\/wp\/v2\/posts\/8277","targetHints":{"allow":["GET"]}}],"collection":[{"href":"https:\/\/haberbesiktas.tr\/index.php?rest_route=\/wp\/v2\/posts"}],"about":[{"href":"https:\/\/haberbesiktas.tr\/index.php?rest_route=\/wp\/v2\/types\/post"}],"author":[{"embeddable":true,"href":"https:\/\/haberbesiktas.tr\/index.php?rest_route=\/wp\/v2\/users\/1"}],"replies":[{"embeddable":true,"href":"https:\/\/haberbesiktas.tr\/index.php?rest_route=%2Fwp%2Fv2%2Fcomments&post=8277"}],"version-history":[{"count":1,"href":"https:\/\/haberbesiktas.tr\/index.php?rest_route=\/wp\/v2\/posts\/8277\/revisions"}],"predecessor-version":[{"id":8279,"href":"https:\/\/haberbesiktas.tr\/index.php?rest_route=\/wp\/v2\/posts\/8277\/revisions\/8279"}],"wp:featuredmedia":[{"embeddable":true,"href":"https:\/\/haberbesiktas.tr\/index.php?rest_route=\/wp\/v2\/media\/8278"}],"wp:attachment":[{"href":"https:\/\/haberbesiktas.tr\/index.php?rest_route=%2Fwp%2Fv2%2Fmedia&parent=8277"}],"wp:term":[{"taxonomy":"category","embeddable":true,"href":"https:\/\/haberbesiktas.tr\/index.php?rest_route=%2Fwp%2Fv2%2Fcategories&post=8277"},{"taxonomy":"post_tag","embeddable":true,"href":"https:\/\/haberbesiktas.tr\/index.php?rest_route=%2Fwp%2Fv2%2Ftags&post=8277"}],"curies":[{"name":"wp","href":"https:\/\/api.w.org\/{rel}","templated":true}]}}