{"id":8292,"date":"2025-02-12T15:48:06","date_gmt":"2025-02-12T15:48:06","guid":{"rendered":"https:\/\/haberbesiktas.tr\/?p=8292"},"modified":"2025-02-12T15:48:06","modified_gmt":"2025-02-12T15:48:06","slug":"fenerbahceli-sporcu-yanginda-hayatini-kaybetti","status":"publish","type":"post","link":"https:\/\/haberbesiktas.tr\/?p=8292","title":{"rendered":"Fenerbah\u00e7eli sporcu yang\u0131nda hayat\u0131n\u0131 kaybetti!"},"content":{"rendered":"<p>Fenerbah\u00e7e y\u00fczme \u015fubesinin sportmeni Vedia Nil Apak ve annesinin Bolu&#8217;daki yang\u0131n facias\u0131nda hayat\u0131n\u0131 kaybetti\u011fi a\u00e7\u0131kland\u0131.<\/p>\n<p> Fenerbah\u00e7e&#8217;den yap\u0131lan a\u00e7\u0131klamada, &#8220;Bolu Kartalkaya Kayak Merkezi&#8217;ndeki otelde meydana gelen yang\u0131n sonucu kaybetti\u011fimiz t\u00fcm canlar\u0131m\u0131z i\u00e7in ailelerine ve \u00fclkemize ba\u015fsa\u011fl\u0131\u011f\u0131, yaral\u0131lar\u0131m\u0131za acil \u015fifalar diliyoruz.<\/p>\n<p> Yang\u0131nda Fenerbah\u00e7e Y\u00fczme \u015eubemizin 2014 do\u011fumlu sportmeni Vedia Nil Apak ve annesi Ferda Apak&#8217;\u0131n vefat etti\u011fini derin bir \u0131st\u0131rapla \u00f6\u011frenmi\u015f bulunmaktay\u0131z.<\/p>\n<p> Atletimiz, evlad\u0131m\u0131z Vedia Nil Apak ve annesi Ferda Apak&#8217;a Allah&#8217;tan rahmet; Babas\u0131 Pahal\u0131 Kongre \u00dcyemiz Mehmet Apak ba\u015fta olmak \u00fczere t\u00fcm aileye, yak\u0131nlar\u0131na ve toplulu\u011fumuza ba\u015fsa\u011fl\u0131\u011f\u0131 dileriz.&#8221;<\/p>\n","protected":false},"excerpt":{"rendered":"<p>Fenerbah\u00e7e y\u00fczme \u015fubesinin sportmeni Vedia Nil Apak ve annesinin Bolu&#8217;daki yang\u0131n facias\u0131nda hayat\u0131n\u0131 kaybetti\u011fi a\u00e7\u0131kland\u0131.<\/p>\n","protected":false},"author":1,"featured_media":8293,"comment_status":"open","ping_status":"open","sticky":false,"template":"","format":"standard","meta":{"footnotes":""},"categories":[27],"tags":[1040],"class_list":["post-8292","post","type-post","status-publish","format-standard","has-post-thumbnail","hentry","category-guncel-haberler","tag-apak"],"_links":{"self":[{"href":"https:\/\/haberbesiktas.tr\/index.php?rest_route=\/wp\/v2\/posts\/8292","targetHints":{"allow":["GET"]}}],"collection":[{"href":"https:\/\/haberbesiktas.tr\/index.php?rest_route=\/wp\/v2\/posts"}],"about":[{"href":"https:\/\/haberbesiktas.tr\/index.php?rest_route=\/wp\/v2\/types\/post"}],"author":[{"embeddable":true,"href":"https:\/\/haberbesiktas.tr\/index.php?rest_route=\/wp\/v2\/users\/1"}],"replies":[{"embeddable":true,"href":"https:\/\/haberbesiktas.tr\/index.php?rest_route=%2Fwp%2Fv2%2Fcomments&post=8292"}],"version-history":[{"count":1,"href":"https:\/\/haberbesiktas.tr\/index.php?rest_route=\/wp\/v2\/posts\/8292\/revisions"}],"predecessor-version":[{"id":8294,"href":"https:\/\/haberbesiktas.tr\/index.php?rest_route=\/wp\/v2\/posts\/8292\/revisions\/8294"}],"wp:featuredmedia":[{"embeddable":true,"href":"https:\/\/haberbesiktas.tr\/index.php?rest_route=\/wp\/v2\/media\/8293"}],"wp:attachment":[{"href":"https:\/\/haberbesiktas.tr\/index.php?rest_route=%2Fwp%2Fv2%2Fmedia&parent=8292"}],"wp:term":[{"taxonomy":"category","embeddable":true,"href":"https:\/\/haberbesiktas.tr\/index.php?rest_route=%2Fwp%2Fv2%2Fcategories&post=8292"},{"taxonomy":"post_tag","embeddable":true,"href":"https:\/\/haberbesiktas.tr\/index.php?rest_route=%2Fwp%2Fv2%2Ftags&post=8292"}],"curies":[{"name":"wp","href":"https:\/\/api.w.org\/{rel}","templated":true}]}}