{"id":8295,"date":"2025-02-12T16:00:06","date_gmt":"2025-02-12T16:00:06","guid":{"rendered":"https:\/\/haberbesiktas.tr\/?p=8295"},"modified":"2025-02-12T16:00:06","modified_gmt":"2025-02-12T16:00:06","slug":"athletic-bilbaoda-besiktas-maci-oncesi-kritik-eksik","status":"publish","type":"post","link":"https:\/\/haberbesiktas.tr\/?p=8295","title":{"rendered":"Athletic Bilbao&#8217;da Be\u015fikta\u015f ma\u00e7\u0131 \u00f6ncesi kritik eksik"},"content":{"rendered":"<div>Athletic Bilbao, UEFA Avrupa Ligi&#8217;nde 22 Ocak Sal\u0131 g\u00fcn\u00fc Be\u015fikta\u015f ile oynayaca\u011f\u0131 ma\u00e7\u0131n kamp tak\u0131m\u0131n\u0131 a\u00e7\u0131klad\u0131.<\/p>\n<p>Athletic Bilbao&#8217;nun \u0130spanyol oyuncusu Oihan Sancet, sakatl\u0131\u011f\u0131 nedeniyle Be\u015fikta\u015f ile oynanacak m\u00fcsabakan\u0131n kamp tak\u0131m\u0131nda yer almad\u0131.<\/p>\n<p><strong>PERFORMANSI<\/strong><\/p>\n<p>Sancet, bu d\u00f6nem Bilbao formas\u0131yla \u00e7\u0131kt\u0131\u011f\u0131 20 ma\u00e7ta 8 gol 2 asistlik performans g\u00f6sterdi.<\/p>\n<p>\u0130\u015fte Athletic Bilbao&#8217;nun Be\u015fikta\u015f ma\u00e7\u0131 kamp tak\u0131m\u0131:<\/p>\n<p> <\/p>\n<p>https:\/\/twitter.com\/sporx\/status\/1881680036102840502<\/p>\n<\/p><\/div>\n","protected":false},"excerpt":{"rendered":"<p>Athletic Bilbao&#8217;nun 24 ya\u015f\u0131ndaki y\u0131ld\u0131z\u0131 Oihan Sancet, sakatl\u0131\u011f\u0131 nedeniyle Be\u015fikta\u015f ma\u00e7\u0131 kamp tak\u0131m\u0131na dahil edilmedi.<\/p>\n","protected":false},"author":1,"featured_media":8296,"comment_status":"open","ping_status":"open","sticky":false,"template":"","format":"standard","meta":{"footnotes":""},"categories":[25],"tags":[],"class_list":["post-8295","post","type-post","status-publish","format-standard","has-post-thumbnail","hentry","category-futbol"],"_links":{"self":[{"href":"https:\/\/haberbesiktas.tr\/index.php?rest_route=\/wp\/v2\/posts\/8295","targetHints":{"allow":["GET"]}}],"collection":[{"href":"https:\/\/haberbesiktas.tr\/index.php?rest_route=\/wp\/v2\/posts"}],"about":[{"href":"https:\/\/haberbesiktas.tr\/index.php?rest_route=\/wp\/v2\/types\/post"}],"author":[{"embeddable":true,"href":"https:\/\/haberbesiktas.tr\/index.php?rest_route=\/wp\/v2\/users\/1"}],"replies":[{"embeddable":true,"href":"https:\/\/haberbesiktas.tr\/index.php?rest_route=%2Fwp%2Fv2%2Fcomments&post=8295"}],"version-history":[{"count":1,"href":"https:\/\/haberbesiktas.tr\/index.php?rest_route=\/wp\/v2\/posts\/8295\/revisions"}],"predecessor-version":[{"id":8297,"href":"https:\/\/haberbesiktas.tr\/index.php?rest_route=\/wp\/v2\/posts\/8295\/revisions\/8297"}],"wp:featuredmedia":[{"embeddable":true,"href":"https:\/\/haberbesiktas.tr\/index.php?rest_route=\/wp\/v2\/media\/8296"}],"wp:attachment":[{"href":"https:\/\/haberbesiktas.tr\/index.php?rest_route=%2Fwp%2Fv2%2Fmedia&parent=8295"}],"wp:term":[{"taxonomy":"category","embeddable":true,"href":"https:\/\/haberbesiktas.tr\/index.php?rest_route=%2Fwp%2Fv2%2Fcategories&post=8295"},{"taxonomy":"post_tag","embeddable":true,"href":"https:\/\/haberbesiktas.tr\/index.php?rest_route=%2Fwp%2Fv2%2Ftags&post=8295"}],"curies":[{"name":"wp","href":"https:\/\/api.w.org\/{rel}","templated":true}]}}