{"id":8298,"date":"2025-02-12T16:12:06","date_gmt":"2025-02-12T16:12:06","guid":{"rendered":"https:\/\/haberbesiktas.tr\/?p=8298"},"modified":"2025-02-12T16:12:06","modified_gmt":"2025-02-12T16:12:06","slug":"besiktasta-mert-gunok-dalya-heyecani-yasayacak","status":"publish","type":"post","link":"https:\/\/haberbesiktas.tr\/?p=8298","title":{"rendered":"Be\u015fikta\u015f&#8217;ta Mert G\u00fcnok, &#8220;dalya&#8221; heyecan\u0131 ya\u015fayacak"},"content":{"rendered":"<div>\n<p>Be\u015fikta\u015f&#8217;\u0131n ulusal file bek\u00e7isi Mert G\u00fcnok, UEFA Avrupa Ligi&#8217;nin 7. haftas\u0131nda 100. ma\u00e7\u0131na \u00e7\u0131kmaya haz\u0131rlan\u0131yor.<\/p>\n<p> Deneyimli kaleci, siyah-beyazl\u0131 grubun Muhte\u015fem Lig&#8217;in 20. haftas\u0131nda Reeder Samsunspor ile oynad\u0131\u011f\u0131 m\u00fcsabakada 99. ma\u00e7\u0131na \u00e7\u0131kt\u0131.\u00a0<\/p>\n<p> Be\u015fikta\u015f formas\u0131yla birinci imtihan\u0131na 2021-22 d\u00f6neminin 5. haftas\u0131nda 3-2 kazand\u0131klar\u0131 Antalyaspor ma\u00e7\u0131nda \u00e7\u0131kan Mert G\u00fcnok, Athletic Bilbao kar\u015f\u0131s\u0131nda vazife almas\u0131 durumunda Be\u015fikta\u015f formas\u0131n\u0131 100. defa terletecek.<\/p>\n<p> Ba\u015fak\u015fehir Futbol Kul\u00fcb\u00fc&#8217;nden 2021-22 d\u00f6nemi ba\u015f\u0131nda transfer edilen tecr\u00fcbeli eldivenin Be\u015fikta\u015f mesle\u011fi \u015fanss\u0131zl\u0131klarla ba\u015flarken birinci d\u00f6neminde s\u0131rf 5 ma\u00e7ta misyon yapt\u0131.\u00a0<\/p>\n<p> \u00dcst\u00fcn Lig&#8217;in 2021-22 d\u00f6neminin 14. haftas\u0131nda Dolmabah\u00e7e&#8217;de oynanan Giresunspor ma\u00e7\u0131nda &#8220;a\u011f\u0131r sakatl\u0131k&#8221; ya\u015fayan 35 ya\u015f\u0131ndaki kaleci, d\u00f6nemin geri kalan\u0131nda kaleyi koruyamad\u0131.<\/p>\n<p> Mert G\u00fcnok, 2022-23 d\u00f6neminde kaleyi 24 resmi ma\u00e7ta korurken 2023-24&#8217;te ise siyah-beyazl\u0131 formayla 45 kar\u015f\u0131la\u015fmada eldiven giydi.<\/p>\n<p> Bu d\u00f6nem t\u00fcm kulvarlarda 25 m\u00fcsabakaya birinci 11&#8217;de ba\u015flayan tecr\u00fcbeli file bek\u00e7isi, kadroda i\u015flerin yolunda gitmedi\u011fi son iki d\u00f6nem ismini Be\u015fikta\u015f&#8217;\u0131n vazge\u00e7ilmezleri ortas\u0131na yazd\u0131rd\u0131.<\/p>\n<p> Be\u015fikta\u015f taraftar\u0131n\u0131n sevdi\u011fi isimlerin ba\u015f\u0131nda gelen deneyimli kaleci, &#8220;Kara kartal&#8221; ile 4 d\u00f6nemde 3 kupa kazand\u0131.<\/p>\n<p> <strong>&#8211; 99 ma\u00e7ta 115 gol yedi<\/strong><\/p>\n<p> Be\u015fikta\u015f, Mert G\u00fcnok&#8217;un vazife ald\u0131\u011f\u0131 t\u00fcm kulvarlarda 99 m\u00fcsabakada 115 gol yedi.<\/p>\n<p> Bu kar\u015f\u0131la\u015fmalar\u0131n 33&#8217;\u00fcnde kalesini gole kapatmay\u0131 ba\u015faran deneyimli kaleci, 66&#8217;s\u0131nda ise rakiplerin gol sevincine mani olamad\u0131.<\/p>\n<p> Tecr\u00fcbeli eldiven, Be\u015fikta\u015f mesle\u011finde bir ma\u00e7ta kalesinde en fazla 4 gol g\u00f6rd\u00fc.<\/p>\n<p> Ulusal file bek\u00e7isine, siyah-beyazl\u0131 kadroda misyon yapt\u0131\u011f\u0131 bu ma\u00e7larda bir sefer k\u0131rm\u0131z\u0131, 8 defa de sar\u0131 kart g\u00f6sterildi.<\/p>\n<p> <strong>&#8211; Be\u015fikta\u015f mesle\u011fine sakatl\u0131kla ba\u015flad\u0131<\/strong><\/p>\n<p> Mert G\u00fcnok, siyah-beyazl\u0131 kadrodaki mesle\u011finin birinci y\u0131l\u0131nda sakatlanarak d\u00f6nemi kapatt\u0131.\u00a0<\/p>\n<p> 2021-22 d\u00f6neminde \u00dcst\u00fcn Lig&#8217;in 14. haftas\u0131nda Giresunspor ile kar\u015f\u0131la\u015fan Be\u015fikta\u015f&#8217;ta deneyimli file bek\u00e7isi Mert G\u00fcnok, bir konumda \u00e7ime tak\u0131l\u0131p yerde kal\u0131rken ambulansla hastaneye kald\u0131r\u0131ld\u0131.<\/p>\n<p> Konumun akabinde hastaneye kald\u0131r\u0131lan ulusal kalecide sol diz \u00f6n \u00e7apraz ba\u011f ve menisk\u00fcs yaralanmas\u0131 tespit edildi.<\/p>\n<p> Tecr\u00fcbeli kaleci, sonraki d\u00f6nemin 12. haftas\u0131nda \u00dcmraniyespor ile oynanan m\u00fcsabakada ye\u015fil alanlara d\u00f6nerek, 337 g\u00fcn sonra formay\u0131 s\u0131rt\u0131na ge\u00e7irdi.<\/p>\n<p> <strong>&#8211; Grubun makus gidi\u015fat\u0131 performans\u0131na da yans\u0131d\u0131<\/strong><\/p>\n<p> Be\u015fikta\u015f&#8217;\u0131n son iki d\u00f6nemdeki berbat gidi\u015fat\u0131, Mert G\u00fcnok&#8217;un performans\u0131na da yans\u0131d\u0131.<\/p>\n<p> Siyah-beyazl\u0131 gruptaki birinci iki d\u00f6neminde 28 ma\u00e7a \u00e7\u0131kan ve 36 gol yiyen 35 ya\u015f\u0131ndaki kaleci, son iki d\u00f6nemde ise kalesinde 79 gole mahzur olamad\u0131.<\/p>\n<p> Deneyimli kaleci, Be\u015fikta\u015f&#8217;ta birinci d\u00f6nemde 13, ikinci d\u00f6neminde 23, \u00fc\u00e7\u00fcnc\u00fc d\u00f6neminde 49 ve bu d\u00f6nem da 30 kere me\u015fin yuvarla\u011f\u0131 a\u011flardan \u00e7\u0131kard\u0131.<\/p>\n<p> <strong>&#8211; Son 10 d\u00f6nemin en istikrarl\u0131 3 kalecisinden biri<\/strong><\/p>\n<p> Mert G\u00fcnok, Be\u015fikta\u015f formas\u0131 ile son 10 d\u00f6nemde en \u00e7ok forma giyen 3 kaleciden biri oldu.<\/p>\n<p> Tecr\u00fcbeli file bek\u00e7isi, eski ulusal kaleci Tolga Varl\u0131kl\u0131 ve Ersin Destano\u011flu&#8217;nun akabinde son 10 d\u00f6nemde siyah-beyazl\u0131 forma ile 100 ma\u00e7a \u00e7\u0131kan \u00fc\u00e7\u00fcnc\u00fc kaleci olacak.<\/p>\n<p> Be\u015fikta\u015f&#8217;ta 6 d\u00f6nem forma giyen Tolga G\u00fc\u00e7l\u00fc, 128 ma\u00e7a \u00e7\u0131karken siyah-beyazl\u0131 ekibin altyap\u0131s\u0131ndan yeti\u015fen Ersin Destano\u011flu ise yeniden 6 d\u00f6nemde 115 m\u00fcsabakada uzunluk g\u00f6sterdi.\u00a0<\/p>\n<p> Deneyimli eldiven bu 10 y\u0131ll\u0131k s\u00fcre\u00e7te Cenk G\u00f6nen (93), Fabricio Agosto Ramirez (87), Loris Karius (67), Utku Yuvakuran (20), G\u00fcnay G\u00fcven\u00e7 (18) ve Denys Boyko&#8217;yu (5) da geride b\u0131rakt\u0131.<\/p>\n<p> <strong>&#8211; 3 kupa kazand\u0131<\/strong><\/p>\n<p> Mert G\u00fcnok, Be\u015fikta\u015f mesle\u011finde 3 kupa kald\u0131rd\u0131.<\/p>\n<p> Deneyimli kaleci, siyah-beyazl\u0131 grup ile 2023-24 d\u00f6neminde Ziraat T\u00fcrkiye Kupas\u0131, 2022 ve 2024 y\u0131llar\u0131nda ise iki defa Turkcell Harika Kupa \u015fampiyonlu\u011funu ya\u015fad\u0131.<\/p>\n<p> <strong>&#8211; Yeni mukaveleye imza att\u0131<\/strong><\/p>\n<p> Be\u015fikta\u015f&#8217;\u0131n deneyimli kalecisi Mert G\u00fcnok, ge\u00e7en hafta 1 y\u0131l\u0131 opsiyonlu 3 y\u0131ll\u0131k yeni mukaveleyi imzalad\u0131.<\/p>\n<p> Siyah-beyazl\u0131 gruptaki d\u00f6rd\u00fcnc\u00fc d\u00f6nemini ge\u00e7iren tecr\u00fcbeli eldiven, at\u0131lan imzalar\u0131n akabinde yapt\u0131\u011f\u0131 a\u00e7\u0131klamada, &#8220;Sevgili Be\u015fikta\u015f ailem, en az 2 sene daha bu kutsal formay\u0131 giyecek olmaktan \u00f6t\u00fcr\u00fc \u00e7ok memnunum.&#8221; tabirlerini kulland\u0131.\u00a0<\/p>\n<p> Mert G\u00fcnok, yeni kontratla istikrar\u0131n\u0131 gelecek d\u00f6nemlere da ta\u015f\u0131ma f\u0131rsat\u0131n\u0131 yakalad\u0131.<\/p>\n<p> <strong>&#8211; Bu d\u00f6nem 25 ma\u00e7ta misyon ald\u0131<\/strong>\u00a0<\/p>\n<p> Mert G\u00fcnok, siyah-beyazl\u0131 forma ile bu d\u00f6nem t\u00fcm kulvarlarda 25 ma\u00e7ta misyon yapt\u0131.<\/p>\n<p> Kaleyi korudu\u011fu ma\u00e7larda 90 dakika alanda kalan deneyimli kaleci, toplamda 2 bin 250 dakika m\u00fcddet ald\u0131.<\/p>\n<p> Bu m\u00fcsabakalarda 30 defa topu a\u011flar\u0131nda g\u00f6ren file bek\u00e7isi, 9 ma\u00e7ta ise rakiplerine gol m\u00fcsaadesi vermedi.<\/p>\n<p> <strong>&#8211; Ulusal grubun da vazge\u00e7ilmezleri aras\u0131nda<\/strong><\/p>\n<p> A Ulusal Futbol Grubu&#8217;nun da kalesini koruyan Mert G\u00fcnok, ay-y\u0131ld\u0131zl\u0131 forma alt\u0131nda g\u00f6sterdi\u011fi performansla takdir toplad\u0131.<\/p>\n<p> Deneyimli eldiven, teknik y\u00f6netici Abdullah Avc\u0131 periyodunda birinci defa 24 May\u0131s 2012&#8217;de s\u0131rt\u0131na ge\u00e7irdi\u011fi ulusal formayla 37 defa gayret etti. Mert G\u00fcnok, 22 ma\u00e7ta 37 sefer topu a\u011flar\u0131nda g\u00f6r\u00fcrken 15 kar\u015f\u0131lamada kalesini gole kapatt\u0131.<\/p>\n<p> Almanya&#8217;da d\u00fczenlenen 2024 Avrupa Futbol \u015eampiyonas\u0131&#8217;nda da uzunluk g\u00f6steren tecr\u00fcbeli file bek\u00e7isi, son 16 \u00e7e\u015fidinde oynanan Avusturya ma\u00e7\u0131na damga vurmu\u015ftu.\u00a0<\/p>\n<p> Mert G\u00fcnok, m\u00fcsabakan\u0131n 90+4. dakikas\u0131nda Christoph Baumgartner&#8217;\u0131n ba\u015f vuru\u015funda tarihi bir kurtar\u0131\u015fa imza atarak ulusallar\u0131n, \u00e7eyrek finale y\u00fckselmesine katk\u0131 sa\u011flam\u0131\u015ft\u0131.<\/p>\n<p> <strong>&#8211; Be\u015fikta\u015f kariyeri<\/strong><\/p>\n<table>\n<tbody>\n<tr>\n<td>Organizasyon<\/td>\n<td>Ma\u00e7<\/td>\n<td>Yedi\u011fi gol<\/td>\n<td>Kalesini gole kapatma<\/td>\n<\/tr>\n<tr>\n<td>S\u00fcper Lig<\/td>\n<td>75<\/td>\n<td>86<\/td>\n<td>25<\/td>\n<\/tr>\n<tr>\n<td>T\u00fcrkiye Kupas\u0131<\/td>\n<td>8<\/td>\n<td>4<\/td>\n<td>5<\/td>\n<\/tr>\n<tr>\n<td>S\u00fcper Kupa<\/td>\n<td>1<\/td>\n<td>&#8211;<\/td>\n<td>1<\/td>\n<\/tr>\n<tr>\n<td>\u015eampiyonlar Ligi<\/td>\n<td>1<\/td>\n<td>2<\/td>\n<td>&#8211;<\/td>\n<\/tr>\n<tr>\n<td>Avrupa Ligi<\/td>\n<td>5<\/td>\n<td>12<\/td>\n<td>&#8211;<\/td>\n<\/tr>\n<tr>\n<td>Konferans Ligi<\/td>\n<td>9<\/td>\n<td>11<\/td>\n<td>2<\/td>\n<\/tr>\n<tr>\n<td>Toplam<\/td>\n<td>99<\/td>\n<td>115<\/td>\n<td>33<\/td>\n<\/tr>\n<\/tbody>\n<\/table>\n<\/div>\n","protected":false},"excerpt":{"rendered":"<p>Deneyimli eldiven Mert G\u00fcnok, Be\u015fikta\u015f&#8217;\u0131n Athletic Bilbao ile yapaca\u011f\u0131 ma\u00e7ta misyon almas\u0131 durumunda siyah-beyazl\u0131 forma ile 100. m\u00fcsabakas\u0131na \u00e7\u0131kacak<\/p>\n","protected":false},"author":1,"featured_media":8299,"comment_status":"open","ping_status":"open","sticky":false,"template":"","format":"standard","meta":{"footnotes":""},"categories":[25],"tags":[71,623,891,57,761],"class_list":["post-8298","post","type-post","status-publish","format-standard","has-post-thumbnail","hentry","category-futbol","tag-besiktas","tag-forma","tag-mert-gunok","tag-sezon","tag-sezonu"],"_links":{"self":[{"href":"https:\/\/haberbesiktas.tr\/index.php?rest_route=\/wp\/v2\/posts\/8298","targetHints":{"allow":["GET"]}}],"collection":[{"href":"https:\/\/haberbesiktas.tr\/index.php?rest_route=\/wp\/v2\/posts"}],"about":[{"href":"https:\/\/haberbesiktas.tr\/index.php?rest_route=\/wp\/v2\/types\/post"}],"author":[{"embeddable":true,"href":"https:\/\/haberbesiktas.tr\/index.php?rest_route=\/wp\/v2\/users\/1"}],"replies":[{"embeddable":true,"href":"https:\/\/haberbesiktas.tr\/index.php?rest_route=%2Fwp%2Fv2%2Fcomments&post=8298"}],"version-history":[{"count":1,"href":"https:\/\/haberbesiktas.tr\/index.php?rest_route=\/wp\/v2\/posts\/8298\/revisions"}],"predecessor-version":[{"id":8300,"href":"https:\/\/haberbesiktas.tr\/index.php?rest_route=\/wp\/v2\/posts\/8298\/revisions\/8300"}],"wp:featuredmedia":[{"embeddable":true,"href":"https:\/\/haberbesiktas.tr\/index.php?rest_route=\/wp\/v2\/media\/8299"}],"wp:attachment":[{"href":"https:\/\/haberbesiktas.tr\/index.php?rest_route=%2Fwp%2Fv2%2Fmedia&parent=8298"}],"wp:term":[{"taxonomy":"category","embeddable":true,"href":"https:\/\/haberbesiktas.tr\/index.php?rest_route=%2Fwp%2Fv2%2Fcategories&post=8298"},{"taxonomy":"post_tag","embeddable":true,"href":"https:\/\/haberbesiktas.tr\/index.php?rest_route=%2Fwp%2Fv2%2Ftags&post=8298"}],"curies":[{"name":"wp","href":"https:\/\/api.w.org\/{rel}","templated":true}]}}