{"id":8307,"date":"2025-02-12T17:12:07","date_gmt":"2025-02-12T17:12:07","guid":{"rendered":"https:\/\/haberbesiktas.tr\/?p=8307"},"modified":"2025-02-12T17:12:07","modified_gmt":"2025-02-12T17:12:07","slug":"canli-ole-gunnar-solskjaer-konusuyor","status":"publish","type":"post","link":"https:\/\/haberbesiktas.tr\/?p=8307","title":{"rendered":"CANLI: Ole Gunnar Solskjaer konu\u015fuyor"},"content":{"rendered":"<div>Be\u015fikta\u015f&#8217;\u0131n yeni teknik y\u00f6neticisi Ole Gunnar Solskjaer ve Jonas Svensson, Athletic Bilbao ma\u00e7\u0131 \u00f6ncesi a\u00e7\u0131klamalarda bulunuyor.<\/p>\n<p>CANLI AKTARIYORUZ!<\/p>\n<p><em><strong>\u0130\u015eTE SOLSKJAER VE SVENSSON&#8217;UN A\u00c7IKLAMALARI:<br \/><\/strong><\/em><br \/> <strong>Jonas Svensson:<\/strong> &#8220;Ligde \u00e7ok \u00e2l\u00e2 periyottan ge\u00e7miyoruz. D\u00fczg\u00fcn bir durumda de\u011filiz. Avrupa da bizim i\u00e7in de\u011ferli. Taraftar\u0131m\u0131z\u0131n dayana\u011f\u0131yla uygun bir ma\u00e7 \u00e7\u0131kar\u0131p kazanmak istiyoruz. Avrupa&#8217;da bir sonraki cinse ge\u00e7mek i\u00e7in elimizden geleni yapaca\u011f\u0131z.&#8221;<\/p>\n<p> <strong>Ole Gunnar Solskjaer:<\/strong> &#8220;Tabii ki bir yere yeni ba\u015flad\u0131\u011f\u0131n\u0131z vakit \u00e7ok \u015fey de yeni oluyor. \u00c7ok yeni insan var. Yeni durumlar ve oyuncular \u00e7ok d\u00fczg\u00fcn. Bu s\u00fcrecin \u00e7ok d\u00fczg\u00fcn devam edece\u011fini d\u00fc\u015f\u00fcn\u00fcyoruz.&#8221;<\/p>\n<p> <strong>Taktik ve formasyon de\u011fi\u015fikli\u011fi olacak m\u0131?&#8221;<\/strong><\/p>\n<p> <strong>Ole Gunnar Solskjaer:<\/strong> &#8220;Bu \u00e7e\u015fit ge\u00e7i\u015fleri yava\u015f yava\u015f yapmak daha hakikat. Oyuncular\u0131 saha i\u00e7inde izlemek de k\u0131ymetli. \u00c7ok fazla sakatl\u0131\u011f\u0131n da oldu\u011funu d\u00fc\u015f\u00fcn\u00fcrsek defans d\u00f6rtl\u00fcs\u00fc her vakit oldu\u011fu \u00fczere olacak.&#8221;<\/p>\n<p> <strong>CASEMIRO &#8211; MARCUS &#8211; RASHFORD<\/strong><\/p>\n<p> <strong>Ole Gunnar Solskjaer:\u00a0<\/strong>&#8220;Bu t\u0131p konu\u015fmalar her vakit olacak. Manchester United&#8217;dan geldim sonu\u00e7 olarak. Onlar \u00e7ok \u00e2l\u00e2 oyuncular fakat onlarla rastgele bir konu\u015fmam olmad\u0131.&#8221;<\/p>\n<p><strong>&#8220;Y\u00dcZDE Y\u00dcZ\u00dcM\u00dcZ\u00dc VERECE\u011e\u0130Z&#8221;<\/strong><\/p>\n<p> <strong>Ole Gunnar Solskjaer:<\/strong> &#8220;Avrupa de\u011ferli ve Bilbao \u00fczere k\u0131ymetli bir ekibe kar\u015f\u0131 oynayaca\u011f\u0131z. Kazanmak i\u00e7in elimizden geleni yapaca\u011f\u0131z ve bu ma\u00e7 i\u00e7in y\u00fczde y\u00fcz\u00fcm\u00fcz\u00fc verece\u011fiz.&#8221;<\/p>\n<p><strong>&#8220;GE\u00c7M\u0130\u015e OLSUN D\u0130LEKLER\u0130M\u0130 \u0130LET\u0130YORUM&#8221;<\/strong><\/p>\n<p><strong>Ole Gunnar Solskjaer:<\/strong> &#8220;Bug\u00fcn Bolu&#8217;da ya\u015fanan yang\u0131n facias\u0131 hasebiyle hayat\u0131n\u0131 kaybedenler i\u00e7in kul\u00fcb\u00fcm ismine ba\u015fsa\u011fl\u0131\u011f\u0131 diliyorum. Kurtulanlara da ge\u00e7mi\u015f olsun dileklerimi iletiyorum. \u015eu an yas tutulacak bir durum. Hayatta futboldan daha de\u011ferli \u015feyler var.&#8221;<\/p>\n<p><strong>&#8220;TARAFTARIMIZIN DAYANA\u011eIYLA KAZANMAK \u0130ST\u0130YORUZ&#8221;<\/strong><\/p>\n<p><strong>Jonas Svensson:<\/strong> &#8220;Zor bir ma\u00e7 olacak. D\u00fczg\u00fcn bir durumda de\u011filiz. Rakibimiz \u00fcst s\u0131ralarda. \u00dc\u00e7 puan almam\u0131z gereken bir \u00e7aba. Taraftarlar\u0131m\u0131z\u0131n gelece\u011fini biliyoruz. Onlar\u0131n da takviyesiyle kazanmak istiyoruz.&#8221;<\/p>\n<p><strong>&#8220;SADECE HOCAMIZ DE\u011e\u0130L GRUBU DE KADROYA G\u00dc\u00c7 GET\u0130RD\u0130&#8221;<\/strong><\/p>\n<p> <strong>Jonas Svensson: <\/strong>&#8220;Sadece hocam\u0131z de\u011fil grubu de \u00e7ok \u00e2l\u00e2 bir g\u00fc\u00e7 getirdi kadroya. Yaln\u0131zca bir idman yapsak da taze bir ba\u015flang\u0131\u00e7 oldu. Buna muhta\u00e7l\u0131\u011f\u0131m\u0131z oldu\u011fu bir devirdeyiz. Umar\u0131m bu g\u00fc\u00e7 yar\u0131nki ma\u00e7ta oyuncularda g\u00f6sterir ve yeterli bir ma\u00e7 \u00e7\u0131kar\u0131r\u0131z.&#8221;<\/p>\n<p><strong>&#8220;HOCAMIZI NORVE\u00c7&#8217;TE HERKES TANIYOR&#8221;<\/strong><\/p>\n<p><strong>Jonas Svensson:<\/strong> &#8220;Bu tesad\u00fcf oldu. Genelde T\u00fcrk bas\u0131n\u0131nda hocalar gelmeden evvel \u00e7ok haber \u00e7\u0131kar. Ben hi\u00e7 haber g\u00f6rmedim. Benim i\u00e7in s\u00fcrpriz oldu. Hocay\u0131 Norve\u00e7&#8217;te herkes tan\u0131yor. Gen\u00e7 oyuncular\u0131n rol modeli. O foto\u011fraf \u00e7ekildi\u011fi vakit ben 14 ya\u015f\u0131ndayd\u0131m ve bir kamptayd\u0131k. Hocamdan \u00e7ok \u015fey \u00f6\u011frendim. Benim i\u00e7in de bir rol modeldi. Onunla \u00f6b\u00fcr bir \u00fclkede denk gelmek \u00e7ok ho\u015f bir his. Umar\u0131m bizim i\u00e7in g\u00fczel olacak bu birliktelik.&#8221;<\/p>\n<p><strong>&#8220;SVENSSON \u015eAHANE B\u0130R OYUNCU&#8221;<\/strong><\/p>\n<p><strong>Ole Gunnar Solskjaer:<\/strong> &#8220;\u00c7al\u0131\u015fmak da asl\u0131nda bir yetenek. Jonas \u015fahane bir oyuncu. Sava\u015f\u00e7\u0131 bir ruhu var ve alana bunu yans\u0131t\u0131yor. Vaktinde orta saha oynam\u0131\u015fl\u0131\u011f\u0131 da var. \u0130nan\u0131lmaz bir g\u00fcc\u00fc var. O kampta demek ki benden \u00e7ok \u015fey \u00f6\u011frenmi\u015f.&#8221;<\/p>\n<p><strong>&#8220;BE\u015e\u0130KTA\u015e&#8217;TA \u00c7ALI\u015eMAK \u0130\u00c7\u0130N SABIRSIZLANIYORUM&#8221;<\/strong><\/p>\n<p><strong>Ole Gunnar Solskjaer:<\/strong> &#8220;Hoca de\u011fi\u015fmesi demek bir yerde i\u015flerin berbat gitmesi demek. Manchester United&#8217;daki s\u00fcrecimden keyif ald\u0131m ve oras\u0131 kapand\u0131 art\u0131k. Ben \u015fu an Be\u015fikta\u015f&#8217;ta \u00e7al\u0131\u015fmak i\u00e7in sab\u0131rs\u0131zlan\u0131yorum. De\u011ferli olan benim istikrar\u0131m. Benimle ilgili hi\u00e7 haber \u00e7\u0131kmad\u0131. Bu haberlerin s\u0131zmamas\u0131 ne kadar \u00e2l\u00e2 bir idare oldu\u011funu g\u00f6steriyor. Ben al\u0131\u015f\u0131lm\u0131\u015f her \u015feyimi vermek istiyorum Be\u015fikta\u015f&#8217;ta. Hem insan olarak hem de hoca olarak elimden geleni yap\u0131yorum. Bilbao \u00e7ok s\u0131k\u0131nt\u0131 bir ma\u00e7 olacak. Fenerbah\u00e7e&#8217;ye kar\u015f\u0131 kazand\u0131lar. Biz haz\u0131r\u0131z, umar\u0131m d\u00fczg\u00fcn bir ma\u00e7 olacak.&#8221;<\/p>\n<\/div>\n","protected":false},"excerpt":{"rendered":"<p>Be\u015fikta\u015f&#8217;\u0131n yeni teknik y\u00f6neticisi Ole Gunnar Solskjaer ve Jonas Svensson, Athletic Bilbao ma\u00e7\u0131 \u00f6ncesi a\u00e7\u0131klamalarda bulunuyor.<\/p>\n","protected":false},"author":1,"featured_media":8308,"comment_status":"open","ping_status":"open","sticky":false,"template":"","format":"standard","meta":{"footnotes":""},"categories":[25],"tags":[288,50,458,1041,853],"class_list":["post-8307","post","type-post","status-publish","format-standard","has-post-thumbnail","hentry","category-futbol","tag-hoca","tag-mac","tag-olacak","tag-ole-gunnar-solskjaer","tag-onemli"],"_links":{"self":[{"href":"https:\/\/haberbesiktas.tr\/index.php?rest_route=\/wp\/v2\/posts\/8307","targetHints":{"allow":["GET"]}}],"collection":[{"href":"https:\/\/haberbesiktas.tr\/index.php?rest_route=\/wp\/v2\/posts"}],"about":[{"href":"https:\/\/haberbesiktas.tr\/index.php?rest_route=\/wp\/v2\/types\/post"}],"author":[{"embeddable":true,"href":"https:\/\/haberbesiktas.tr\/index.php?rest_route=\/wp\/v2\/users\/1"}],"replies":[{"embeddable":true,"href":"https:\/\/haberbesiktas.tr\/index.php?rest_route=%2Fwp%2Fv2%2Fcomments&post=8307"}],"version-history":[{"count":1,"href":"https:\/\/haberbesiktas.tr\/index.php?rest_route=\/wp\/v2\/posts\/8307\/revisions"}],"predecessor-version":[{"id":8309,"href":"https:\/\/haberbesiktas.tr\/index.php?rest_route=\/wp\/v2\/posts\/8307\/revisions\/8309"}],"wp:featuredmedia":[{"embeddable":true,"href":"https:\/\/haberbesiktas.tr\/index.php?rest_route=\/wp\/v2\/media\/8308"}],"wp:attachment":[{"href":"https:\/\/haberbesiktas.tr\/index.php?rest_route=%2Fwp%2Fv2%2Fmedia&parent=8307"}],"wp:term":[{"taxonomy":"category","embeddable":true,"href":"https:\/\/haberbesiktas.tr\/index.php?rest_route=%2Fwp%2Fv2%2Fcategories&post=8307"},{"taxonomy":"post_tag","embeddable":true,"href":"https:\/\/haberbesiktas.tr\/index.php?rest_route=%2Fwp%2Fv2%2Ftags&post=8307"}],"curies":[{"name":"wp","href":"https:\/\/api.w.org\/{rel}","templated":true}]}}