{"id":8323,"date":"2025-02-12T18:24:12","date_gmt":"2025-02-12T18:24:12","guid":{"rendered":"https:\/\/haberbesiktas.tr\/?p=8323"},"modified":"2025-02-12T18:24:12","modified_gmt":"2025-02-12T18:24:12","slug":"adanaspor-mucadeleci-ve-kaliteli-oyuncular-transfer-etmeyi-hedefliyor","status":"publish","type":"post","link":"https:\/\/haberbesiktas.tr\/?p=8323","title":{"rendered":"Adanaspor, m\u00fccadeleci ve kaliteli oyuncular transfer etmeyi hedefliyor"},"content":{"rendered":"<div>Trendyol 1. Lig ekiplerinden Adanaspor&#8217;un y\u00f6netim kurulu, ekibe k\u0131ymet katacak, m\u00fccadeleci ve kaliteli oyuncular\u0131 tak\u0131ma katmay\u0131 hedeflediklerini bildirdi.<\/p>\n<p> Turuncu-beyazl\u0131 ekibin y\u00f6netim kurulu ismine yap\u0131lan a\u00e7\u0131klamada, Adanaspor&#8217;u her ge\u00e7en g\u00fcn daha da g\u00fc\u00e7lendirmek i\u00e7in transfer \u00e7al\u0131\u015fmalar\u0131na s\u00fcrat kesmeden devam edildi\u011fi belirtildi.<\/p>\n<p> Yaln\u0131zca mevcut kadroyu g\u00fc\u00e7lendirmeyi de\u011fil, kul\u00fcb\u00fc her alanda tepeye ta\u015f\u0131yacak ve tarih yazacak bir tak\u0131m kurmay\u0131 ama\u00e7lad\u0131klar\u0131 anlat\u0131lan a\u00e7\u0131klamada, \u015funlar kaydedildi:<\/p>\n<p> &#8220;G\u00fc\u00e7l\u00fc bir Adanaspor i\u00e7in emin ad\u0131mlarla ilerliyoruz. Bug\u00fcn ataca\u011f\u0131m\u0131z her ad\u0131m, yar\u0131n\u0131n b\u00fcy\u00fck muvaffakiyetinin temellerini olu\u015fturuyor. Transferdeki gayemiz, ekibimize k\u0131ymet katacak, m\u00fccadeleci ve kaliteli oyuncular\u0131 tak\u0131m\u0131m\u0131za dahil etmek. Lakin unutmayal\u0131m ki futbol s\u0131rf oyunculardan ibaret de\u011fildir. Taraftar\u0131m\u0131z\u0131n g\u00fcc\u00fc, bu yolda en b\u00fcy\u00fck destek\u00e7imiz olacakt\u0131r. Bizler kul\u00fcb\u00fcm\u00fcz\u00fc her alanda daha g\u00fc\u00e7l\u00fc k\u0131lmak i\u00e7in var g\u00fcc\u00fcm\u00fczle \u00e7al\u0131\u015f\u0131rken, siz pahal\u0131 taraftarlar\u0131m\u0131z\u0131n dayana\u011f\u0131yla daha b\u00fcy\u00fck maksatlara ula\u015faca\u011f\u0131z. Adanaspor&#8217;un gelece\u011fi parlak, amac\u0131m\u0131z net; daha g\u00fc\u00e7l\u00fc bir kul\u00fcp yaratmak. Sizlerin de dayana\u011f\u0131yla bu maksada ad\u0131m ad\u0131m yakla\u015faca\u011f\u0131z.&#8221;<\/p>\n<\/div>\n","protected":false},"excerpt":{"rendered":"<p>Adanaspor&#8217;un y\u00f6netim kurulu, gruba k\u0131ymet katacak, m\u00fccadeleci ve kaliteli oyuncular\u0131 tak\u0131ma katmay\u0131 hedeflediklerini bildirdi.<\/p>\n","protected":false},"author":1,"featured_media":8324,"comment_status":"open","ping_status":"open","sticky":false,"template":"","format":"standard","meta":{"footnotes":""},"categories":[25],"tags":[],"class_list":["post-8323","post","type-post","status-publish","format-standard","has-post-thumbnail","hentry","category-futbol"],"_links":{"self":[{"href":"https:\/\/haberbesiktas.tr\/index.php?rest_route=\/wp\/v2\/posts\/8323","targetHints":{"allow":["GET"]}}],"collection":[{"href":"https:\/\/haberbesiktas.tr\/index.php?rest_route=\/wp\/v2\/posts"}],"about":[{"href":"https:\/\/haberbesiktas.tr\/index.php?rest_route=\/wp\/v2\/types\/post"}],"author":[{"embeddable":true,"href":"https:\/\/haberbesiktas.tr\/index.php?rest_route=\/wp\/v2\/users\/1"}],"replies":[{"embeddable":true,"href":"https:\/\/haberbesiktas.tr\/index.php?rest_route=%2Fwp%2Fv2%2Fcomments&post=8323"}],"version-history":[{"count":1,"href":"https:\/\/haberbesiktas.tr\/index.php?rest_route=\/wp\/v2\/posts\/8323\/revisions"}],"predecessor-version":[{"id":8325,"href":"https:\/\/haberbesiktas.tr\/index.php?rest_route=\/wp\/v2\/posts\/8323\/revisions\/8325"}],"wp:featuredmedia":[{"embeddable":true,"href":"https:\/\/haberbesiktas.tr\/index.php?rest_route=\/wp\/v2\/media\/8324"}],"wp:attachment":[{"href":"https:\/\/haberbesiktas.tr\/index.php?rest_route=%2Fwp%2Fv2%2Fmedia&parent=8323"}],"wp:term":[{"taxonomy":"category","embeddable":true,"href":"https:\/\/haberbesiktas.tr\/index.php?rest_route=%2Fwp%2Fv2%2Fcategories&post=8323"},{"taxonomy":"post_tag","embeddable":true,"href":"https:\/\/haberbesiktas.tr\/index.php?rest_route=%2Fwp%2Fv2%2Ftags&post=8323"}],"curies":[{"name":"wp","href":"https:\/\/api.w.org\/{rel}","templated":true}]}}