{"id":8359,"date":"2025-02-12T21:24:11","date_gmt":"2025-02-12T21:24:11","guid":{"rendered":"https:\/\/haberbesiktas.tr\/?p=8359"},"modified":"2025-02-12T21:24:11","modified_gmt":"2025-02-12T21:24:11","slug":"eyupspordan-1-lige-gitti-gianni-bruno","status":"publish","type":"post","link":"https:\/\/haberbesiktas.tr\/?p=8359","title":{"rendered":"Ey\u00fcpspor&#8217;dan 1. Lig&#8217;e gitti: Gianni Bruno"},"content":{"rendered":"<div>Arda Turan idaresindeki Ey\u00fcpspor&#8217;da bir ayr\u0131l\u0131k ger\u00e7ekle\u015fti.<\/p>\n<p> Eflatun-Sar\u0131l\u0131 kul\u00fcp, 1. Lig&#8217;de elde edilen \u015fampiyonlukta b\u00fcy\u00fck katk\u0131s\u0131 bulunan Gianni Bruno ile yollar\u0131n ayr\u0131ld\u0131\u011f\u0131n\u0131 ve Bel\u00e7ikal\u0131 futbolcunun kariyerine 1. Lig gruplar\u0131ndan I\u011fd\u0131r FK&#8217;de devam edece\u011fini duyurdu.<\/p>\n<p> Ey\u00fcpspor&#8217;un a\u00e7\u0131klamas\u0131nda;<\/p>\n<p> <strong>&#8220;S\u00fcper Lig&#8217;e \u00e7\u0131kmam\u0131zda b\u00fcy\u00fck rol oynayan ve bu sene ya\u015fad\u0131\u011f\u0131m\u0131z hayalimizde bizimle m\u00fccade eden futbolcumuz Gianni Bruno ile kar\u015f\u0131l\u0131kl\u0131kl\u0131 anla\u015farak yollar\u0131m\u0131z\u0131 ay\u0131rm\u0131\u015f bulunmaktay\u0131z.<\/strong><\/p>\n<p> <strong>Kariyerine I\u011fd\u0131r FK&#8217;de devam edecek Gianni Bruno&#8217;ya kadromuza vermi\u015f oldu\u011fu katk\u0131lardan \u00f6t\u00fcr\u00fc te\u015fekk\u00fcr eder, bundan sonraki mesle\u011finde muvaffakiyetler dileriz.&#8221;<\/strong> tabirleri kullan\u0131ld\u0131.<\/p>\n<p><strong>BU D\u00d6NEM NE YAPTI?<\/strong><\/p>\n<p>33 ya\u015f\u0131ndaki santrfor, bu d\u00f6nem Ey\u00fcpspor formas\u0131yla toplam 14 resmi ma\u00e7a \u00e7\u0131kt\u0131 ve 4 gol 1 asistlik katk\u0131 sa\u011flad\u0131.<\/p>\n<p> \u00a0<\/p>\n<\/div>\n","protected":false},"excerpt":{"rendered":"<p>Ey\u00fcpspor, 1. Lig&#8217;de elde edilen \u015fampiyonlukta b\u00fcy\u00fck katk\u0131s\u0131 bulunan Gianni Bruno ile yollar\u0131n ayr\u0131ld\u0131\u011f\u0131n\u0131 ve Bel\u00e7ikal\u0131 futbolcunun mesle\u011fine I\u011fd\u0131r FK&#8217;de devam edece\u011fini a\u00e7\u0131klad\u0131.<\/p>\n","protected":false},"author":1,"featured_media":8360,"comment_status":"open","ping_status":"open","sticky":false,"template":"","format":"standard","meta":{"footnotes":""},"categories":[25],"tags":[],"class_list":["post-8359","post","type-post","status-publish","format-standard","has-post-thumbnail","hentry","category-futbol"],"_links":{"self":[{"href":"https:\/\/haberbesiktas.tr\/index.php?rest_route=\/wp\/v2\/posts\/8359","targetHints":{"allow":["GET"]}}],"collection":[{"href":"https:\/\/haberbesiktas.tr\/index.php?rest_route=\/wp\/v2\/posts"}],"about":[{"href":"https:\/\/haberbesiktas.tr\/index.php?rest_route=\/wp\/v2\/types\/post"}],"author":[{"embeddable":true,"href":"https:\/\/haberbesiktas.tr\/index.php?rest_route=\/wp\/v2\/users\/1"}],"replies":[{"embeddable":true,"href":"https:\/\/haberbesiktas.tr\/index.php?rest_route=%2Fwp%2Fv2%2Fcomments&post=8359"}],"version-history":[{"count":1,"href":"https:\/\/haberbesiktas.tr\/index.php?rest_route=\/wp\/v2\/posts\/8359\/revisions"}],"predecessor-version":[{"id":8361,"href":"https:\/\/haberbesiktas.tr\/index.php?rest_route=\/wp\/v2\/posts\/8359\/revisions\/8361"}],"wp:featuredmedia":[{"embeddable":true,"href":"https:\/\/haberbesiktas.tr\/index.php?rest_route=\/wp\/v2\/media\/8360"}],"wp:attachment":[{"href":"https:\/\/haberbesiktas.tr\/index.php?rest_route=%2Fwp%2Fv2%2Fmedia&parent=8359"}],"wp:term":[{"taxonomy":"category","embeddable":true,"href":"https:\/\/haberbesiktas.tr\/index.php?rest_route=%2Fwp%2Fv2%2Fcategories&post=8359"},{"taxonomy":"post_tag","embeddable":true,"href":"https:\/\/haberbesiktas.tr\/index.php?rest_route=%2Fwp%2Fv2%2Ftags&post=8359"}],"curies":[{"name":"wp","href":"https:\/\/api.w.org\/{rel}","templated":true}]}}