{"id":8365,"date":"2025-02-12T21:48:06","date_gmt":"2025-02-12T21:48:06","guid":{"rendered":"https:\/\/haberbesiktas.tr\/?p=8365"},"modified":"2025-02-12T21:48:06","modified_gmt":"2025-02-12T21:48:06","slug":"buyuk-kadinlar-turkiye-boks-sampiyonasi-kocaelide-basladi","status":"publish","type":"post","link":"https:\/\/haberbesiktas.tr\/?p=8365","title":{"rendered":"B\u00fcy\u00fck Kad\u0131nlar T\u00fcrkiye Boks \u015eampiyonas\u0131, Kocaeli&#8217;de ba\u015flad\u0131"},"content":{"rendered":"<div> \u00a0Kocaeli&#8217;nin Dar\u0131ca il\u00e7esinde B\u00fcy\u00fck Bayanlar T\u00fcrkiye Boks \u015eampiyonas\u0131 ba\u015flad\u0131.<\/p>\n<p> T\u00fcrkiye Boks Federasyonunca Eray \u015eamdan Spor Salonu&#8217;nda d\u00fczenlenen \u015fampiyonada 39 vilayetten 130 sportmen m\u00fccadele ediyor.<\/p>\n<p> Federasyon Ba\u015fkan\u0131 Suat Hekimo\u011flu, \u015fampiyonan\u0131n a\u00e7\u0131l\u0131\u015f\u0131nda yapt\u0131\u011f\u0131 konu\u015fmada, tertibe kat\u0131lan atletlere muvaffakiyetler diledi.<\/p>\n<p> Gen\u00e7lik ve Spor Vilayet M\u00fcd\u00fcr\u00fc G\u00f6khan Yava\u015fer, Kocaeli olarak atletlere dayanak vermeye devam edeceklerini belirtti.<\/p>\n<p> Dar\u0131ca Belediye Ba\u015fkan\u0131 Muzaffer B\u0131y\u0131k, \u015fampiyonaya konut sahipli\u011fi yapman\u0131n memnunlu\u011funu ya\u015fad\u0131klar\u0131n\u0131 lisana getirdi.<\/p>\n<p> \u015eampiyona 26 Ocak Pazar g\u00fcn\u00fc sona erecek.<\/p>\n<div>\u00a0<\/div>\n<\/p><\/div>\n<div>\u00a0<\/div>\n","protected":false},"excerpt":{"rendered":"<p>Kocaeli&#8217;nin Dar\u0131ca il\u00e7esinde B\u00fcy\u00fck Bayanlar T\u00fcrkiye Boks \u015eampiyonas\u0131 start ald\u0131.<\/p>\n","protected":false},"author":1,"featured_media":8366,"comment_status":"open","ping_status":"open","sticky":false,"template":"","format":"standard","meta":{"footnotes":""},"categories":[27],"tags":[696,65],"class_list":["post-8365","post","type-post","status-publish","format-standard","has-post-thumbnail","hentry","category-guncel-haberler","tag-sampiyona","tag-spor"],"_links":{"self":[{"href":"https:\/\/haberbesiktas.tr\/index.php?rest_route=\/wp\/v2\/posts\/8365","targetHints":{"allow":["GET"]}}],"collection":[{"href":"https:\/\/haberbesiktas.tr\/index.php?rest_route=\/wp\/v2\/posts"}],"about":[{"href":"https:\/\/haberbesiktas.tr\/index.php?rest_route=\/wp\/v2\/types\/post"}],"author":[{"embeddable":true,"href":"https:\/\/haberbesiktas.tr\/index.php?rest_route=\/wp\/v2\/users\/1"}],"replies":[{"embeddable":true,"href":"https:\/\/haberbesiktas.tr\/index.php?rest_route=%2Fwp%2Fv2%2Fcomments&post=8365"}],"version-history":[{"count":1,"href":"https:\/\/haberbesiktas.tr\/index.php?rest_route=\/wp\/v2\/posts\/8365\/revisions"}],"predecessor-version":[{"id":8367,"href":"https:\/\/haberbesiktas.tr\/index.php?rest_route=\/wp\/v2\/posts\/8365\/revisions\/8367"}],"wp:featuredmedia":[{"embeddable":true,"href":"https:\/\/haberbesiktas.tr\/index.php?rest_route=\/wp\/v2\/media\/8366"}],"wp:attachment":[{"href":"https:\/\/haberbesiktas.tr\/index.php?rest_route=%2Fwp%2Fv2%2Fmedia&parent=8365"}],"wp:term":[{"taxonomy":"category","embeddable":true,"href":"https:\/\/haberbesiktas.tr\/index.php?rest_route=%2Fwp%2Fv2%2Fcategories&post=8365"},{"taxonomy":"post_tag","embeddable":true,"href":"https:\/\/haberbesiktas.tr\/index.php?rest_route=%2Fwp%2Fv2%2Ftags&post=8365"}],"curies":[{"name":"wp","href":"https:\/\/api.w.org\/{rel}","templated":true}]}}