{"id":8464,"date":"2025-02-13T06:00:09","date_gmt":"2025-02-13T06:00:09","guid":{"rendered":"https:\/\/haberbesiktas.tr\/?p=8464"},"modified":"2025-02-13T06:00:09","modified_gmt":"2025-02-13T06:00:09","slug":"besiktas-athletic-bilbao-muhtemel-11ler","status":"publish","type":"post","link":"https:\/\/haberbesiktas.tr\/?p=8464","title":{"rendered":"Be\u015fikta\u015f &#8211; Athletic Bilbao: Muhtemel 11&#8217;ler"},"content":{"rendered":"<div>Be\u015fikta\u015f, UEFA Avrupa Ligi&#8217;nin 7. haftas\u0131nda \u0130spanyol grubu Athletic Bilbao&#8217;yu a\u011f\u0131rlayacak.<\/p>\n<p> T\u00fcpra\u015f Stad\u0131&#8217;nda 18.30&#8217;da ba\u015flayacak m\u00fcsabakay\u0131 Avusturya Futbol Federasyonundan hakem Julian Weinberger y\u00f6netecek.<\/p>\n<p> UEFA Avrupa Ligi&#8217;ne art geriye ald\u0131\u011f\u0131 yenilgilerle ba\u015flayan siyah-beyazl\u0131lar, oynad\u0131\u011f\u0131 6 m\u00fcsabakada 2 galibiyet, 4 hezimet ya\u015fad\u0131.<\/p>\n<p> Toplad\u0131\u011f\u0131 6 puanla lig tablosunda averajla 28. s\u0131rada bulunan Be\u015fikta\u015f, Athletic Bilbao&#8217;yu yenerek ismini birinci 24 grup ortas\u0131na yazd\u0131r\u0131p play-off tezini son ma\u00e7a ta\u015f\u0131mak istiyor.<\/p>\n<p> Ernesto Valverde idaresindeki konuk tak\u0131m ise bu d\u00f6nem Avrupa Ligi&#8217;nde oynad\u0131\u011f\u0131 6 m\u00fcsabakada 5 galibiyet, 1 beraberlik alarak toplad\u0131\u011f\u0131 16 puanla \u00f6nder Lazio ile doru\u011fun orta\u011f\u0131 pozisyonunda.<\/p>\n<p> Tertipte bu d\u00f6nem kalesinde sadece 2 gol g\u00f6ren \u0130spanyol grubu, 36 kadro ortas\u0131nda en az gol yiyen tak\u0131m olarak dikkati \u00e7ekiyor.<\/p>\n<p> Athletic Bilbao, Avrupa Ligi&#8217;nin 6. haftas\u0131nda \u0130stanbul&#8217;da oynanan ma\u00e7ta Fenerbah\u00e7e&#8217;yi 2-0 yendi.<\/p>\n<p> <strong>MUHTEMEL 11&#8217;LER<\/strong><\/p>\n<p> <strong>Be\u015fikta\u015f:<\/strong> Mert G\u00fcnok, Jonas Svensson, Emirhan Top\u00e7u, Felix Uduokhai, Arthur Masuaku, Al-Musrati, Gedson Fernandes, Milot Rashica, Rafa Silva, Ernest Mu\u00e7i, Ciro Immobile.<\/p>\n<p> <strong>Athletic Bilbao<\/strong>: Simon, Gorosabel, Vivian, Paredes, Yuri, Ruiz, de Galarreta, Jauregizar, Inaki Williams, Berenguer, Nico Williams, Guruzeta.<\/p>\n<p><img decoding=\"async\" src=\"https:\/\/haberbesiktas.tr\/wp-content\/uploads\/2025\/02\/besiktas-athletic-bilbao-muhtemel-11ler-0-KUnJYj5n.jpg\"\/><\/p>\n<p> <strong>\u0130LK MA\u00c7INA \u00c7IKIYOR<\/strong><\/p>\n<p> Be\u015fikta\u015f&#8217;\u0131n yeni teknik y\u00f6neticisi Ole Gunnar Solskjaer, birinci ma\u00e7\u0131na UEFA Avrupa Ligi&#8217;nde Athletic Bilbao kar\u015f\u0131s\u0131nda \u00e7\u0131kacak.<\/p>\n<p> Siyah-beyazl\u0131 kul\u00fcp ile 1 y\u0131l\u0131 opsiyonlu 2,5 d\u00f6nemlik mukavele imzalayan Norve\u00e7li teknik adam, birinci \u00e7abas\u0131n\u0131 \u0130spanyol tak\u0131m\u0131 kar\u015f\u0131s\u0131nda verecek.<\/p>\n<p> <strong>SOLSKJAER&#8217;\u0130N 68. MA\u00c7I<\/strong><\/p>\n<p> Ole Gunnar Solskjaer, Avrupa kupalar\u0131ndaki mesle\u011finin 68. ma\u00e7\u0131na Be\u015fikta\u015f&#8217;\u0131n ba\u015f\u0131nda \u00e7\u0131kacak.<\/p>\n<p> Daha evvel Molde ve Manchester United&#8217;\u0131 \u00e7al\u0131\u015ft\u0131ran 51 ya\u015f\u0131ndaki teknik adam, Avrupa kupalar\u0131nda toplam 67 m\u00fcsabakada 34 galibiyet, 11 beraberlik ve 22 yenilgi ya\u015fad\u0131.<\/p>\n<p> Manchester United&#8217;\u0131 y\u00f6netti\u011fi s\u00fcre\u00e7te UEFA Avrupa Ligi&#8217;nde finale \u00e7\u0131kma ba\u015far\u0131s\u0131 g\u00f6steren Norve\u00e7li \u00e7al\u0131\u015ft\u0131r\u0131c\u0131, Villarreal&#8217;e penalt\u0131larda ma\u011flup oldu.<\/p>\n<p> <strong>BE\u015e\u0130KTA\u015e&#8217;TA 4 EKS\u0130K<\/strong><\/p>\n<p> Siyah-beyazl\u0131 kadroda Athletic Bilbao kar\u015f\u0131s\u0131nda 4 futbolcu forma giyemeyecek.<\/p>\n<p> Listede olmayan isimler Necip Uysal ve Alex Oxlade-Chamberlain&#8217;nin yan\u0131 s\u0131ra sakatl\u0131\u011f\u0131 s\u00fcren Gabriel Paulista ile Tayyip Talha Sanu\u00e7, \u0130spanyol grubuna kar\u015f\u0131 kadrodaki yerini alamayacak.<\/p>\n<p> <strong>AVRUPA&#8217;DA 251. MA\u00c7I<\/strong><\/p>\n<p> UEFA Avrupa Ligi&#8217;nin 7. haftas\u0131nda \u0130spanya temsilcisi Athletic Bilbao ile kar\u015f\u0131la\u015facak Be\u015fikta\u015f, Avrupa&#8217;da 251. ma\u00e7\u0131na \u00e7\u0131kacak.<\/p>\n<p> Siyah-beyazl\u0131 futbol grubu, Avrupa kupalar\u0131nda oynad\u0131\u011f\u0131 250 kar\u015f\u0131la\u015fmada 94 galibiyet, 49 beraberlik, 107 hezimet ya\u015fad\u0131.<\/p>\n<p> Avrupa arenas\u0131nda 334 sefer fileleri havaland\u0131ran Be\u015fikta\u015f, kalesinde 382 gol g\u00f6rd\u00fc.<\/p>\n<p> <strong>AVRUPA&#8217;DA BE\u015e\u0130KTA\u015e<\/strong><\/p>\n<p> Siyah-beyazl\u0131 tak\u0131m\u0131n Avrupa arenas\u0131nda sergiledi\u011fi performans \u015f\u00f6yle:<\/p>\n<table>\n<tbody>\n<tr>\n<td>Organizasyon<\/td>\n<td>O<\/td>\n<td>G<\/td>\n<td>B<\/td>\n<td>M<\/td>\n<td>A<\/td>\n<td>Y<\/td>\n<\/tr>\n<tr>\n<td>\u015eampiyon Kul\u00fcpler Kupas\u0131 ve UEFA \u015eampiyonlar Ligi<\/td>\n<td>89<\/td>\n<td>27<\/td>\n<td>19<\/td>\n<td>43<\/td>\n<td>89<\/td>\n<td>153<\/td>\n<\/tr>\n<tr>\n<td>UEFA Kupas\u0131 ve UEFA Avrupa Ligi<\/td>\n<td>129<\/td>\n<td>56<\/td>\n<td>25<\/td>\n<td>48<\/td>\n<td>203<\/td>\n<td>172<\/td>\n<\/tr>\n<tr>\n<td>Kupa Galipleri Kupas\u0131<\/td>\n<td>20<\/td>\n<td>4<\/td>\n<td>4<\/td>\n<td>12<\/td>\n<td>21<\/td>\n<td>38<\/td>\n<\/tr>\n<tr>\n<td>UEFA Avrupa Konferans Ligi<\/td>\n<td>12<\/td>\n<td>7<\/td>\n<td>1<\/td>\n<td>4<\/td>\n<td>21<\/td>\n<td>19<\/td>\n<\/tr>\n<tr>\n<td>TOPLAM<\/td>\n<td>250<\/td>\n<td>94<\/td>\n<td>49<\/td>\n<td>107<\/td>\n<td>334<\/td>\n<td>382<\/p>\n<\/td>\n<\/tr>\n<\/tbody>\n<\/table>\n<p> <strong>\u0130SPANYOL TAKIMLARINA KAR\u015eI 17. MA\u00c7<\/strong><\/p>\n<p> Be\u015fikta\u015f, \u0130spanya temsilcileriyle 16 kere kar\u015f\u0131 kar\u015f\u0131ya geldi.<\/p>\n<p> Siyah-beyazl\u0131 kadro, Avrupa kupalar\u0131nda \u0130spanyol gruplar\u0131 Real Madrid, Barcelona, Valencia, Atletico Madrid, Athletic Bilbao, Sevilla ve Alaves ile u\u011fra\u015f etti.<\/p>\n<p> Be\u015fikta\u015f, Avrupa \u015eampiyon Kul\u00fcpler Kupas\u0131, UEFA Kupas\u0131, UEFA \u015eampiyonlar Ligi ve UEFA Avrupa Ligi&#8217;nde oynanan bu kar\u015f\u0131la\u015fmalarda 3&#8217;er galibiyet ve beraberli\u011fin yan\u0131 s\u0131ra 10 da yenilgi ya\u015fad\u0131.<\/p>\n<p> Kelam konusu ma\u00e7larda 16 kere a\u011flar\u0131 sarsan siyah-beyazl\u0131lar, kalesinde ise 34 gol g\u00f6rd\u00fc.<\/p>\n<p> <strong>13 D\u00d6NEM SONRA \u0130SPANYOL<\/strong><\/p>\n<p> Be\u015fikta\u015f, 13 d\u00f6nem ortan\u0131n akabinde bir \u0130spanyol temsilcisine Avrupa kupalar\u0131nda rakip oldu.<\/p>\n<p> Siyah-beyazl\u0131lar, son olarak 2011-2012 d\u00f6neminde UEFA Avrupa Ligi 3. \u00e7e\u015fidinde Diego Simeone idaresindeki Atletico Madrid ile e\u015fle\u015fmi\u015fti.<\/p>\n<p> Be\u015fikta\u015f, birinci ma\u00e7\u0131 deplasmanda 3-1, r\u00f6van\u015f\u0131 ise \u0130stanbul&#8217;da 3-0 kaybederek tertibe veda etmi\u015fti.<\/p>\n<p> &#8220;Kara kartal&#8221; tekrar UEFA Avrupa Ligi&#8217;nde bu defa Athletic Bilbao ile \u00e7aba edecek.<\/p>\n<p> <strong>4. RANDEVU<\/strong><\/p>\n<p> Be\u015fikta\u015f, \u0130spanya temsilcisi Athletic Bilbao ile 4. defa kar\u015f\u0131 kar\u015f\u0131ya gelecek.<\/p>\n<p> Geride kalan 3 ma\u00e7ta \u0130spanyol tak\u0131m\u0131 2 \u00e7abadan galibiyetle ayr\u0131l\u0131rken, 1 kar\u015f\u0131la\u015fmay\u0131 da Be\u015fikta\u015f kazand\u0131.<\/p>\n<p> 1985-1986 d\u00f6neminde oynanan o zamanki ismiyle UEFA Kupas\u0131 1. cins birinci m\u00fcsabakas\u0131nda rakibine deplasmanda 4-1 yenilen siyah-beyazl\u0131lar, \u0130stanbul&#8217;daki \u00e7abay\u0131 ise 1-0 kaybetmi\u015fti.<\/p>\n<p> Be\u015fikta\u015f, 2004-2005 d\u00f6neminde ise UEFA Kupas\u0131 B K\u00fcmesi&#8217;nde konuk etti\u011fi Athletic Bilbao&#8217;yu 3-1&#8217;lik skorla ge\u00e7erek \u0130spanyol grubuna kar\u015f\u0131 birinci galibiyetini alm\u0131\u015ft\u0131.<\/p>\n<p> <strong>\u00dc\u00c7 SEFER \u00c7EYREK F\u0130NAL<\/strong><\/p>\n<p> Be\u015fikta\u015f, Avrupa kupalar\u0131nda 3 sefer \u00e7eyrek final oynad\u0131.<\/p>\n<p> Avrupa \u015eampiyon Kul\u00fcpler Kupas\u0131&#8217;nda 1986-1987 d\u00f6neminde ismini \u00e7eyrek finale yazd\u0131ran siyah-beyazl\u0131lar, UEFA Kupas\u0131&#8217;nda 2002-2003&#8217;te son 8 grup ortas\u0131nda yer ald\u0131.<\/p>\n<p> Be\u015fikta\u015f, 2016-2017 d\u00f6neminde da UEFA Avrupa Ligi&#8217;nde \u00e7eyrek finale y\u00fckselirken, &#8220;Kara kartal&#8221; bu t\u0131pta penalt\u0131lar sonucunda Olimpik Lyon&#8217;a elenmi\u015fti.<\/p>\n<p> <strong>FARKLI GAL\u0130B\u0130YETLER<\/strong><\/p>\n<p> Siyah-beyazl\u0131lar, Avrupa kupalar\u0131ndaki en farkl\u0131 galibiyetini 2018-2019 d\u00f6neminde elde etti.<\/p>\n<p> Be\u015fikta\u015f, UEFA Avrupa Ligi 2. eleme \u00e7e\u015fidi r\u00f6van\u015f\u0131nda a\u011f\u0131rlad\u0131\u011f\u0131 Faroe Adalar\u0131 temsilcisi B36 Torshavn&#8217;\u0131 6-0 yenerek Avrupa&#8217;daki en farkl\u0131 skorlu galibiyetine imza att\u0131.<\/p>\n<p> Be\u015fikta\u015f, 2002-2003 d\u00f6neminde ise UEFA Kupas\u0131 1. \u00e7e\u015fit r\u00f6van\u015f ma\u00e7\u0131nda Bosna Hersek grubu Saraybosna&#8217;y\u0131 deplasmanda 5-0 ma\u011flup etmi\u015fti.<\/p>\n<p> <strong>FARKLI MA\u011eLUB\u0130YETLER<\/strong><\/p>\n<p> Siyah-beyazl\u0131lar, Avrupa kupalar\u0131ndaki en farkl\u0131 ma\u011flubiyetini 2007-2008 d\u00f6neminde ya\u015fad\u0131.<\/p>\n<p> Kelam konusu d\u00f6nemde \u015eampiyonlar Ligi&#8217;nde \u00e7aba eden Be\u015fikta\u015f, \u0130ngiltere temsilcisi Liverpool&#8217;a deplasmanda 8-0 ma\u011flup oldu.<\/p>\n<p> Be\u015fikta\u015f, &#8220;Devler Ligi&#8221;nde 2000-2001 d\u00f6neminde \u0130ngiltere&#8217;nin Leeds United grubuna, 2016-2017&#8217;de de Ukrayna&#8217;n\u0131n Dinamo Kiev kadrosuna 6-0&#8217;l\u0131k skorlarla yenildi.<\/p>\n<p> Siyah-beyazl\u0131 tak\u0131m, i\u00e7 alanda ise 1986-1987 d\u00f6neminde Avrupa \u015eampiyon Kul\u00fcpler Kupas\u0131&#8217;n\u0131n \u00e7eyrek finalinde \u0130zmir&#8217;de Dinamo Kiev kar\u015f\u0131s\u0131nda alandan 5-0 ma\u011flup ayr\u0131ld\u0131.<\/p>\n<p> &#8220;Kara Kartal&#8221;, ge\u00e7en d\u00f6nem UEFA Konferans Ligi k\u00fcme evresinde a\u011f\u0131rlad\u0131\u011f\u0131 Bel\u00e7ika temsilcisi Club Brugge&#8217;e de 5-0 kaybetti.<\/p>\n<p> <strong>AVRUPA&#8217;DA EN GOLC\u00dc \u0130S\u0130M<\/strong><\/p>\n<p> Be\u015fikta\u015f&#8217;\u0131n Avrupa kupalar\u0131ndaki en golc\u00fc oyuncular\u0131 s\u0131ralamas\u0131nda Oktay Derelio\u011flu, birinci basamakta yer al\u0131yor.<\/p>\n<p> 1993-1999 y\u0131llar\u0131nda giydi\u011fi siyah-beyazl\u0131 formayla 14 gol atan Oktay Derelio\u011flu&#8217;nu, 13&#8217;er sefer fileleri havaland\u0131ran Vincent Aboubakar ile Cenk Tosun takip ediyor.<\/p>\n<p> &#8220;Kara Kartal&#8221;da Portekizli kanat oyuncusu Ricardo Quaresma ile Brezilyal\u0131 golc\u00fc Bobo da Avrupa arenas\u0131nda 12&#8217;\u015fer gol kaydetti.<\/p>\n<p> <strong>MERT G\u00dcNOK&#8217;UN DALYA HEYECANI<\/strong><\/p>\n<p> Be\u015fikta\u015f&#8217;\u0131n ulusal file bek\u00e7isi Mert G\u00fcnok, UEFA Avrupa Ligi&#8217;nin 7. haftas\u0131nda 100. ma\u00e7\u0131na \u00e7\u0131kmaya haz\u0131rlan\u0131yor.<\/p>\n<p> Deneyimli kaleci, siyah-beyazl\u0131 grubun Muhte\u015fem Lig&#8217;in 20. haftas\u0131nda Reeder Samsunspor ile oynad\u0131\u011f\u0131 m\u00fcsabakada 99. ma\u00e7\u0131na \u00e7\u0131kt\u0131.<\/p>\n<p> Be\u015fikta\u015f formas\u0131yla birinci imtihan\u0131na 2021-22 d\u00f6neminin 5. haftas\u0131nda 3-2 kazand\u0131klar\u0131 Antalyaspor ma\u00e7\u0131nda \u00e7\u0131kan Mert G\u00fcnok, Athletic Bilbao kar\u015f\u0131s\u0131nda misyon almas\u0131 durumunda Be\u015fikta\u015f formas\u0131n\u0131 100. kere terletecek.<\/p>\n<p> Ba\u015fak\u015fehir Futbol Kul\u00fcb\u00fc&#8217;nden 2021-22 d\u00f6nemi ba\u015f\u0131nda transfer edilen tecr\u00fcbeli eldivenin Be\u015fikta\u015f mesle\u011fi \u015fanss\u0131zl\u0131klarla ba\u015flarken birinci d\u00f6neminde s\u0131rf 5 ma\u00e7ta misyon yapt\u0131.<\/p>\n<p> Muhte\u015fem Lig&#8217;in 2021-22 d\u00f6neminin 14. haftas\u0131nda Dolmabah\u00e7e&#8217;de oynanan Giresunspor ma\u00e7\u0131nda &#8220;a\u011f\u0131r sakatl\u0131k&#8221; ya\u015fayan 35 ya\u015f\u0131ndaki kaleci, d\u00f6nemin geri kalan\u0131nda kaleyi koruyamad\u0131.<\/p>\n<p> Mert G\u00fcnok, 2022-23 d\u00f6neminde kaleyi 24 resmi ma\u00e7ta korurken 2023-24&#8217;te ise siyah-beyazl\u0131 formayla 45 kar\u015f\u0131la\u015fmada eldiven giydi.<\/p>\n<p> Bu d\u00f6nem t\u00fcm kulvarlarda 25 m\u00fcsabakaya birinci 11&#8217;de ba\u015flayan tecr\u00fcbeli file bek\u00e7isi, kadroda i\u015flerin yolunda gitmedi\u011fi son iki d\u00f6nem ismini Be\u015fikta\u015f&#8217;\u0131n vazge\u00e7ilmezleri ortas\u0131na yazd\u0131rd\u0131.<\/p>\n<p> Be\u015fikta\u015f taraftar\u0131n\u0131n sevdi\u011fi isimlerin ba\u015f\u0131nda gelen deneyimli kaleci, &#8220;Kara kartal&#8221; ile 4 d\u00f6nemde 3 kupa kazand\u0131.<\/p>\n<p> <strong>99 MA\u00c7TA 115 GOL<\/strong><\/p>\n<p> Be\u015fikta\u015f, Mert G\u00fcnok&#8217;un misyon ald\u0131\u011f\u0131 t\u00fcm kulvarlarda 99 m\u00fcsabakada 115 gol yedi.<\/p>\n<p> Bu kar\u015f\u0131la\u015fmalar\u0131n 33&#8217;\u00fcnde kalesini gole kapatmay\u0131 ba\u015faran deneyimli kaleci, 66&#8217;s\u0131nda ise rakiplerin gol sevincine mani olamad\u0131.<\/p>\n<p> Tecr\u00fcbeli eldiven, Be\u015fikta\u015f mesle\u011finde bir ma\u00e7ta kalesinde en fazla 4 gol g\u00f6rd\u00fc.<\/p>\n<p> Ulusal file bek\u00e7isine, siyah-beyazl\u0131 ekipte misyon yapt\u0131\u011f\u0131 bu ma\u00e7larda bir defa k\u0131rm\u0131z\u0131, 8 sefer de sar\u0131 kart g\u00f6sterildi.<\/p>\n<p> <strong>BE\u015e\u0130KTA\u015e MESLE\u011e\u0130 SAKATLIKLA BA\u015eLADI<\/strong><\/p>\n<p> Mert G\u00fcnok, siyah-beyazl\u0131 ekipteki mesle\u011finin birinci y\u0131l\u0131nda sakatlanarak d\u00f6nemi kapatt\u0131.<\/p>\n<p> 2021-22 d\u00f6neminde Harika Lig&#8217;in 14. haftas\u0131nda Giresunspor ile kar\u015f\u0131la\u015fan Be\u015fikta\u015f&#8217;ta deneyimli file bek\u00e7isi Mert G\u00fcnok, bir konumda \u00e7ime tak\u0131l\u0131p yerde kal\u0131rken ambulansla hastaneye kald\u0131r\u0131ld\u0131.<\/p>\n<p> Durumun akabinde hastaneye kald\u0131r\u0131lan ulusal kalecide sol diz \u00f6n \u00e7apraz ba\u011f ve menisk\u00fcs yaralanmas\u0131 tespit edildi.<\/p>\n<p> Tecr\u00fcbeli kaleci, sonraki d\u00f6nemin 12. haftas\u0131nda \u00dcmraniyespor ile oynanan m\u00fcsabakada ye\u015fil alanlara d\u00f6nerek, 337 g\u00fcn sonra formay\u0131 s\u0131rt\u0131na ge\u00e7irdi.<\/p>\n<p> <strong>K\u00d6T\u00dc G\u0130D\u0130\u015eAT PERFORMANSINA DA YANSIDI<\/strong><\/p>\n<p> Be\u015fikta\u015f&#8217;\u0131n son iki d\u00f6nemdeki makus gidi\u015fat\u0131, Mert G\u00fcnok&#8217;un performans\u0131na da yans\u0131d\u0131.<\/p>\n<p> Siyah-beyazl\u0131 kadrodaki birinci iki d\u00f6neminde 28 ma\u00e7a \u00e7\u0131kan ve 36 gol yiyen 35 ya\u015f\u0131ndaki kaleci, son iki d\u00f6nemde ise kalesinde 79 gole mahzur olamad\u0131.<\/p>\n<p> Deneyimli kaleci, Be\u015fikta\u015f&#8217;ta birinci d\u00f6nemde 13, ikinci d\u00f6neminde 23, \u00fc\u00e7\u00fcnc\u00fc d\u00f6neminde 49 ve bu d\u00f6nem da 30 defa me\u015fin yuvarla\u011f\u0131 a\u011flardan \u00e7\u0131kard\u0131.<\/p>\n<p> <strong>EN \u0130ST\u0130KRARLI \u0130S\u0130MLERDEN B\u0130R\u0130<\/strong><\/p>\n<p> Mert G\u00fcnok, Be\u015fikta\u015f formas\u0131 ile son 10 d\u00f6nemde en \u00e7ok forma giyen 3 kaleciden biri oldu.<\/p>\n<p> Tecr\u00fcbeli file bek\u00e7isi, eski ulusal kaleci Tolga G\u00fc\u00e7l\u00fc ve Ersin Destano\u011flu&#8217;nun akabinde son 10 d\u00f6nemde siyah-beyazl\u0131 forma ile 100 ma\u00e7a \u00e7\u0131kan \u00fc\u00e7\u00fcnc\u00fc kaleci olacak.<\/p>\n<p> Be\u015fikta\u015f&#8217;ta 6 d\u00f6nem forma giyen Tolga Varl\u0131kl\u0131, 128 ma\u00e7a \u00e7\u0131karken siyah-beyazl\u0131 kadronun altyap\u0131s\u0131ndan yeti\u015fen Ersin Destano\u011flu ise yeniden 6 d\u00f6nemde 115 m\u00fcsabakada uzunluk g\u00f6sterdi.<\/p>\n<p> Deneyimli eldiven bu 10 y\u0131ll\u0131k s\u00fcre\u00e7te Cenk G\u00f6nen (93), Fabricio Agosto Ramirez (87), Loris Karius (67), Utku Yuvakuran (20), G\u00fcnay G\u00fcven\u00e7 (18) ve Denys Boyko&#8217;yu (5) da geride b\u0131rakt\u0131.<\/p>\n<p> <strong>3 KUPA KAZANDI<\/strong><\/p>\n<p> Mert G\u00fcnok, Be\u015fikta\u015f mesle\u011finde 3 kupa kald\u0131rd\u0131.<\/p>\n<p> Deneyimli kaleci, siyah-beyazl\u0131 ekip ile 2023-24 d\u00f6neminde Ziraat T\u00fcrkiye Kupas\u0131, 2022 ve 2024 y\u0131llar\u0131nda ise iki sefer Turkcell Harika Kupa \u015fampiyonlu\u011funu ya\u015fad\u0131.<\/p>\n<p> <strong>YEN\u0130 KONTRAT \u0130MZALADI<\/strong><\/p>\n<p> Be\u015fikta\u015f&#8217;\u0131n deneyimli kalecisi Mert G\u00fcnok, ge\u00e7en hafta 1 y\u0131l\u0131 opsiyonlu 3 y\u0131ll\u0131k yeni mukaveleyi imzalad\u0131.<\/p>\n<p> Siyah-beyazl\u0131 kadrodaki d\u00f6rd\u00fcnc\u00fc d\u00f6nemini ge\u00e7iren tecr\u00fcbeli eldiven, at\u0131lan imzalar\u0131n akabinde yapt\u0131\u011f\u0131 a\u00e7\u0131klamada, &#8220;Sevgili Be\u015fikta\u015f ailem, en az 2 sene daha bu kutsal formay\u0131 giyecek olmaktan \u00f6t\u00fcr\u00fc \u00e7ok memnunum.&#8221; s\u00f6zlerini kulland\u0131.<\/p>\n<p> Mert G\u00fcnok, yeni kontratla istikrar\u0131n\u0131 gelecek d\u00f6nemlere da ta\u015f\u0131ma f\u0131rsat\u0131n\u0131 yakalad\u0131.<\/p>\n<p> <strong>BU D\u00d6NEM 25 MA\u00c7<\/strong><\/p>\n<p> Mert G\u00fcnok, siyah-beyazl\u0131 forma ile bu d\u00f6nem t\u00fcm kulvarlarda 25 ma\u00e7ta misyon yapt\u0131.<\/p>\n<p> Kaleyi korudu\u011fu ma\u00e7larda 90 dakika alanda kalan deneyimli kaleci, toplamda 2 bin 250 dakika m\u00fchlet ald\u0131.<\/p>\n<p> Bu m\u00fcsabakalarda 30 defa topu a\u011flar\u0131nda g\u00f6ren file bek\u00e7isi, 9 ma\u00e7ta ise rakiplerine gol m\u00fcsaadesi vermedi.<\/p>\n<p> <strong>M\u0130LL\u0130 EK\u0130B\u0130N DA VAZGE\u00c7\u0130LMEZ\u0130<\/strong><\/p>\n<p> A Ulusal Futbol Grubu&#8217;nun da kalesini koruyan Mert G\u00fcnok, ay-y\u0131ld\u0131zl\u0131 forma alt\u0131nda g\u00f6sterdi\u011fi performansla takdir toplad\u0131.<\/p>\n<p> Deneyimli eldiven, teknik y\u00f6netici Abdullah Avc\u0131 periyodunda birinci sefer 24 May\u0131s 2012&#8217;de s\u0131rt\u0131na ge\u00e7irdi\u011fi ulusal formayla 37 kere \u00e7aba etti. Mert G\u00fcnok, 22 ma\u00e7ta 37 sefer topu a\u011flar\u0131nda g\u00f6r\u00fcrken 15 kar\u015f\u0131lamada kalesini gole kapatt\u0131.<\/p>\n<p> Almanya&#8217;da d\u00fczenlenen 2024 Avrupa Futbol \u015eampiyonas\u0131&#8217;nda da uzunluk g\u00f6steren tecr\u00fcbeli file bek\u00e7isi, son 16 cinsinde oynanan Avusturya ma\u00e7\u0131na damga vurmu\u015ftu.<\/p>\n<p> Mert G\u00fcnok, m\u00fcsabakan\u0131n 90+4. dakikas\u0131nda Christoph Baumgartner&#8217;\u0131n ba\u015f vuru\u015funda tarihi bir kurtar\u0131\u015fa imza atarak ulusallar\u0131n, \u00e7eyrek finale y\u00fckselmesine katk\u0131 sa\u011flam\u0131\u015ft\u0131.<\/p>\n<p><strong>BE\u015e\u0130KTA\u015e KAR\u0130YER\u0130<\/strong><\/p>\n<table>\n<tbody>\n<tr>\n<td>Organizasyon<\/td>\n<td>Ma\u00e7<\/td>\n<td>Yedi\u011fi gol<\/td>\n<td>Kalesini gole kapatma<\/td>\n<\/tr>\n<tr>\n<td>S\u00fcper Lig<\/td>\n<td>75<\/td>\n<td>86<\/td>\n<td>25<\/td>\n<\/tr>\n<tr>\n<td>T\u00fcrkiye Kupas\u0131<\/td>\n<td>8<\/td>\n<td>4<\/td>\n<td>5<\/td>\n<\/tr>\n<tr>\n<td>S\u00fcper Kupa<\/td>\n<td>1<\/td>\n<td>&#8211;<\/td>\n<td>1<\/td>\n<\/tr>\n<tr>\n<td>\u015eampiyonlar Ligi<\/td>\n<td>1<\/td>\n<td>2<\/td>\n<td>&#8211;<\/td>\n<\/tr>\n<tr>\n<td>Avrupa Ligi<\/td>\n<td>5<\/td>\n<td>12<\/td>\n<td>&#8211;<\/td>\n<\/tr>\n<tr>\n<td>Konferans Ligi<\/td>\n<td>9<\/td>\n<td>11<\/td>\n<td>2<\/td>\n<\/tr>\n<tr>\n<td>Toplam<\/td>\n<td>99<\/td>\n<td>115<\/td>\n<td>33<\/td>\n<\/tr>\n<\/tbody>\n<\/table>\n<\/div>\n","protected":false},"excerpt":{"rendered":"<p>UEFA Avrupa Ligi&#8217;nde Be\u015fikta\u015f, alan\u0131nda Athletic Bilbao ile kar\u015f\u0131 kar\u015f\u0131ya gelecek.<\/p>\n","protected":false},"author":1,"featured_media":8465,"comment_status":"open","ping_status":"open","sticky":false,"template":"","format":"standard","meta":{"footnotes":""},"categories":[25],"tags":[205,71,77,51,57],"class_list":["post-8464","post","type-post","status-publish","format-standard","has-post-thumbnail","hentry","category-futbol","tag-avrupa","tag-besiktas","tag-gol","tag-lig","tag-sezon"],"_links":{"self":[{"href":"https:\/\/haberbesiktas.tr\/index.php?rest_route=\/wp\/v2\/posts\/8464","targetHints":{"allow":["GET"]}}],"collection":[{"href":"https:\/\/haberbesiktas.tr\/index.php?rest_route=\/wp\/v2\/posts"}],"about":[{"href":"https:\/\/haberbesiktas.tr\/index.php?rest_route=\/wp\/v2\/types\/post"}],"author":[{"embeddable":true,"href":"https:\/\/haberbesiktas.tr\/index.php?rest_route=\/wp\/v2\/users\/1"}],"replies":[{"embeddable":true,"href":"https:\/\/haberbesiktas.tr\/index.php?rest_route=%2Fwp%2Fv2%2Fcomments&post=8464"}],"version-history":[{"count":1,"href":"https:\/\/haberbesiktas.tr\/index.php?rest_route=\/wp\/v2\/posts\/8464\/revisions"}],"predecessor-version":[{"id":8467,"href":"https:\/\/haberbesiktas.tr\/index.php?rest_route=\/wp\/v2\/posts\/8464\/revisions\/8467"}],"wp:featuredmedia":[{"embeddable":true,"href":"https:\/\/haberbesiktas.tr\/index.php?rest_route=\/wp\/v2\/media\/8465"}],"wp:attachment":[{"href":"https:\/\/haberbesiktas.tr\/index.php?rest_route=%2Fwp%2Fv2%2Fmedia&parent=8464"}],"wp:term":[{"taxonomy":"category","embeddable":true,"href":"https:\/\/haberbesiktas.tr\/index.php?rest_route=%2Fwp%2Fv2%2Fcategories&post=8464"},{"taxonomy":"post_tag","embeddable":true,"href":"https:\/\/haberbesiktas.tr\/index.php?rest_route=%2Fwp%2Fv2%2Ftags&post=8464"}],"curies":[{"name":"wp","href":"https:\/\/api.w.org\/{rel}","templated":true}]}}