{"id":8483,"date":"2025-02-13T07:36:07","date_gmt":"2025-02-13T07:36:07","guid":{"rendered":"https:\/\/haberbesiktas.tr\/?p=8483"},"modified":"2025-02-13T07:36:07","modified_gmt":"2025-02-13T07:36:07","slug":"sampiyonlar-liginde-4-5lik-nefis-mac","status":"publish","type":"post","link":"https:\/\/haberbesiktas.tr\/?p=8483","title":{"rendered":"\u015eampiyonlar Ligi&#8217;nde 4-5&#8217;lik nefis ma\u00e7!"},"content":{"rendered":"<div>UEFA \u015eampiyonlar Ligi&#8217;nin 7. haftas\u0131nda Benfica, alan\u0131nda Barcelona ile kar\u015f\u0131 kar\u015f\u0131ya geldi. Estadio da Luz&#8217;daki ma\u00e7\u0131 Barcelona, 5-4&#8217;l\u00fck skorla kazand\u0131.<\/p>\n<p> Benfica, \u015fimdi ikinci dakikada Vangelis Pavlidis ile \u00f6ne ge\u00e7ti. Barcelona&#8217;da Robert Lewandowski, 13. dakikada kulland\u0131\u011f\u0131 penalt\u0131da skoru 1-1 yapt\u0131. Benfica&#8217;da birinci gol\u00fc atan Pavlidis, 22&#8217;de ve 30. dakikada penalt\u0131dan fileleri havaland\u0131rd\u0131 ve Portekiz temsilcisi soyunma odas\u0131na 3-1 \u00f6nde gitti.<\/p>\n<p> Barcelona, 64. dakikada Raphinha ile 3-2&#8217;yi buldu. Benfica, bu golden 4 dakika sonra, 68. dakikada Ronald Araujo&#8217;nun kendi kalesine att\u0131\u011f\u0131 golle skoru 4-2&#8217;ye getirdi.<\/p>\n<p> Barcelona, 78&#8217;de Robert Lewandowski&#8217;nin att\u0131\u011f\u0131 penalt\u0131 gol\u00fcyle durumu 4-3 yapt\u0131 ve umutland\u0131. Katalan grubu, Eric Garcia&#8217;n\u0131n 86. dakikada att\u0131\u011f\u0131 golle 4-4&#8217;\u00fc buldu. Barcelona, Raphinha&#8217;n\u0131n 90+6&#8217;daki gol\u00fcyle ma\u00e7\u0131 5-4 kazand\u0131.<\/p>\n<p> Benfica&#8217;da ulusal futbolcular Orkun K\u00f6k\u00e7\u00fc ve Kerem Akt\u00fcrko\u011flu, m\u00fcsabakaya birinci 11&#8217;de ba\u015flad\u0131. Kerem 71, Orkun 80 dakika alanda kald\u0131.<\/p>\n<p> Bu sonucun akabinde Benfica, 10 puanda kald\u0131. Barcelona, 18 puana y\u00fckseldi.<\/p>\n<p> \u015eampiyonlar Ligi&#8217;nin gelecek ve son haftas\u0131nda Benfica, Juventus ile deplasmanda kar\u015f\u0131 kar\u015f\u0131ya gelecek. Barcelona, alan\u0131nda Atalanta&#8217;y\u0131 konuk edecek.<\/p>\n<\/div>\n","protected":false},"excerpt":{"rendered":"<p>UEFA \u015eampiyonlar Ligi&#8217;nde Barcelona, Benfica&#8217;y\u0131 deplasmanda 5-4 ma\u011flup etti.<\/p>\n","protected":false},"author":1,"featured_media":8484,"comment_status":"open","ping_status":"open","sticky":false,"template":"","format":"standard","meta":{"footnotes":""},"categories":[25],"tags":[307,309],"class_list":["post-8483","post","type-post","status-publish","format-standard","has-post-thumbnail","hentry","category-futbol","tag-barcelona","tag-benfica"],"_links":{"self":[{"href":"https:\/\/haberbesiktas.tr\/index.php?rest_route=\/wp\/v2\/posts\/8483","targetHints":{"allow":["GET"]}}],"collection":[{"href":"https:\/\/haberbesiktas.tr\/index.php?rest_route=\/wp\/v2\/posts"}],"about":[{"href":"https:\/\/haberbesiktas.tr\/index.php?rest_route=\/wp\/v2\/types\/post"}],"author":[{"embeddable":true,"href":"https:\/\/haberbesiktas.tr\/index.php?rest_route=\/wp\/v2\/users\/1"}],"replies":[{"embeddable":true,"href":"https:\/\/haberbesiktas.tr\/index.php?rest_route=%2Fwp%2Fv2%2Fcomments&post=8483"}],"version-history":[{"count":1,"href":"https:\/\/haberbesiktas.tr\/index.php?rest_route=\/wp\/v2\/posts\/8483\/revisions"}],"predecessor-version":[{"id":8485,"href":"https:\/\/haberbesiktas.tr\/index.php?rest_route=\/wp\/v2\/posts\/8483\/revisions\/8485"}],"wp:featuredmedia":[{"embeddable":true,"href":"https:\/\/haberbesiktas.tr\/index.php?rest_route=\/wp\/v2\/media\/8484"}],"wp:attachment":[{"href":"https:\/\/haberbesiktas.tr\/index.php?rest_route=%2Fwp%2Fv2%2Fmedia&parent=8483"}],"wp:term":[{"taxonomy":"category","embeddable":true,"href":"https:\/\/haberbesiktas.tr\/index.php?rest_route=%2Fwp%2Fv2%2Fcategories&post=8483"},{"taxonomy":"post_tag","embeddable":true,"href":"https:\/\/haberbesiktas.tr\/index.php?rest_route=%2Fwp%2Fv2%2Ftags&post=8483"}],"curies":[{"name":"wp","href":"https:\/\/api.w.org\/{rel}","templated":true}]}}