{"id":8520,"date":"2025-02-13T10:48:07","date_gmt":"2025-02-13T10:48:07","guid":{"rendered":"https:\/\/haberbesiktas.tr\/?p=8520"},"modified":"2025-02-13T10:48:07","modified_gmt":"2025-02-13T10:48:07","slug":"batshuayiden-mac-sonrasi-dikkat-ceken-paylasim","status":"publish","type":"post","link":"https:\/\/haberbesiktas.tr\/?p=8520","title":{"rendered":"Batshuayi&#8217;den ma\u00e7 sonras\u0131 dikkat \u00e7eken payla\u015f\u0131m"},"content":{"rendered":"<div>Galatasaray, UEFA Avrupa Ligi&#8217;nde lig kademesinin 7. haftas\u0131nda Dinamo Kiev&#8217;i konuk etti. Kar\u015f\u0131la\u015fma 3-3 e\u015fitlikle sona erdi.<\/p>\n<p> Ma\u00e7a yedek ba\u015flayan ve 86. dakikada Kaan Ayhan&#8217;\u0131n yerine oyuna dahil olan Michy Batshuayi, m\u00fcsabakan\u0131n akabinde dikkat \u00e7eken bir payla\u015f\u0131m yapt\u0131.<\/p>\n<p> Batshuayi&#8217;nin payla\u015f\u0131m\u0131 toplumsal medyada viral oldu.<\/p>\n<p> \u00a0<img decoding=\"async\" src=\"https:\/\/haberbesiktas.tr\/wp-content\/uploads\/2025\/02\/batshuayiden-mac-sonrasi-dikkat-ceken-paylasim-0-H1vStRNt.jpg\"\/><\/p>\n<\/div>\n","protected":false},"excerpt":{"rendered":"<p>Galatasaray&#8217;\u0131n tecr\u00fcbeli golc\u00fcs\u00fc Michy Batshuayi, Dinamo Kiev&#8217;le 3-3 berabere kald\u0131klar\u0131 ma\u00e7\u0131n akabinde toplumsal medya hesab\u0131ndan yapt\u0131\u011f\u0131 payla\u015f\u0131mla dikkat \u00e7ekti.<\/p>\n","protected":false},"author":1,"featured_media":8521,"comment_status":"open","ping_status":"open","sticky":false,"template":"","format":"standard","meta":{"footnotes":""},"categories":[25],"tags":[],"class_list":["post-8520","post","type-post","status-publish","format-standard","has-post-thumbnail","hentry","category-futbol"],"_links":{"self":[{"href":"https:\/\/haberbesiktas.tr\/index.php?rest_route=\/wp\/v2\/posts\/8520","targetHints":{"allow":["GET"]}}],"collection":[{"href":"https:\/\/haberbesiktas.tr\/index.php?rest_route=\/wp\/v2\/posts"}],"about":[{"href":"https:\/\/haberbesiktas.tr\/index.php?rest_route=\/wp\/v2\/types\/post"}],"author":[{"embeddable":true,"href":"https:\/\/haberbesiktas.tr\/index.php?rest_route=\/wp\/v2\/users\/1"}],"replies":[{"embeddable":true,"href":"https:\/\/haberbesiktas.tr\/index.php?rest_route=%2Fwp%2Fv2%2Fcomments&post=8520"}],"version-history":[{"count":1,"href":"https:\/\/haberbesiktas.tr\/index.php?rest_route=\/wp\/v2\/posts\/8520\/revisions"}],"predecessor-version":[{"id":8523,"href":"https:\/\/haberbesiktas.tr\/index.php?rest_route=\/wp\/v2\/posts\/8520\/revisions\/8523"}],"wp:featuredmedia":[{"embeddable":true,"href":"https:\/\/haberbesiktas.tr\/index.php?rest_route=\/wp\/v2\/media\/8521"}],"wp:attachment":[{"href":"https:\/\/haberbesiktas.tr\/index.php?rest_route=%2Fwp%2Fv2%2Fmedia&parent=8520"}],"wp:term":[{"taxonomy":"category","embeddable":true,"href":"https:\/\/haberbesiktas.tr\/index.php?rest_route=%2Fwp%2Fv2%2Fcategories&post=8520"},{"taxonomy":"post_tag","embeddable":true,"href":"https:\/\/haberbesiktas.tr\/index.php?rest_route=%2Fwp%2Fv2%2Ftags&post=8520"}],"curies":[{"name":"wp","href":"https:\/\/api.w.org\/{rel}","templated":true}]}}