{"id":8524,"date":"2025-02-13T11:00:07","date_gmt":"2025-02-13T11:00:07","guid":{"rendered":"https:\/\/haberbesiktas.tr\/?p=8524"},"modified":"2025-02-13T11:00:07","modified_gmt":"2025-02-13T11:00:07","slug":"solskjaerin-ilk-transferi-memleketinden","status":"publish","type":"post","link":"https:\/\/haberbesiktas.tr\/?p=8524","title":{"rendered":"Solskjaer&#8217;in ilk transferi memleketinden!"},"content":{"rendered":"<div>Be\u015f\u0131kta\u015f&#8217;ta rota b\u00fcsb\u00fct\u00fcn Avrupa&#8217;n\u0131n kuzeyine \u00e7evrildi. Yeni lider ve yeni teknik y\u00f6netici ile beyaz bir sayfa a\u00e7an Kara Kartal transfer \u00e7al\u0131\u015fmalar\u0131na s\u00fcrat verdi.<\/p>\n<p> Bu sezon S\u00fcper Lig&#8217;de umdu\u011funu bulmayan T\u00fcrkiye Kupas\u0131&#8217;n\u0131 m\u00fczesine g\u00f6t\u00fcrmek isteyen Be\u015fikta\u015f gelecek d\u00f6neme da \u015fampiyonlu\u011fun en b\u00fcy\u00fck favorisi olarak ba\u015flamay\u0131 hedefliyor. Bu ortada Be\u015fikta\u015f Teknik Y\u00f6neticisi Ole Gunnar Solskjaer&#8217;in vatanda\u015f\u0131 Bard Finne&#8217;yi ekipte g\u00f6rmek istedi\u011fi tez edildi.<\/p>\n<p> <strong>BRANN VE BODO \u00c7IKARMASI<\/strong><\/p>\n<p> NRK Sport&#8217;un haberine nazaran Be\u015fikta\u015f, Norve\u00e7&#8217;in SK Brann grubunun forveti Bard Finne ile yak\u0131ndan ilgileniyor. 29 ya\u015f\u0131ndaki santrafor Finne i\u00e7in \u015fimdiden birinci teklifini yapmaya haz\u0131rlanan siyah beyazl\u0131lar Bodo&#8217;nun y\u0131ld\u0131z\u0131 Jens Petter Hauge&#8217;ye de kancay\u0131 takt\u0131 ama 25 ya\u015f\u0131ndaki sol kanat oyuncusuna Frankfurt&#8217;un anla\u015fmak \u00fczere oldu\u011fu tabir edildi. Haberde Norve\u00e7li \u00e7al\u0131\u015ft\u0131r\u0131c\u0131n\u0131n bu iki isimden birinin al\u0131nmas\u0131n\u0131 istedi\u011fini idareye bildirdi\u011fi yaz\u0131ld\u0131.<\/p>\n<p> <strong>M\u00dcTH\u0130\u015e B\u0130R YETENEK<\/strong><\/p>\n<p> Norve\u00e7l\u0131 futbolcu kanat oyuncusu olarak bilinse de, birebir vakitte santrfor misyonunu de \u00fcstlenebilmektedir. Surat\u0131 ve \u00e7evikli\u011fi ve de rakip savunmalar kar\u015f\u0131s\u0131nda tesirli oyunu en g\u00fc\u00e7l\u00fc taraflar\u0131ndan biridir. Ay\u0131rca Finne dripling yetene\u011fi ile topu aya\u011f\u0131nda tutarak, rakipleri ge\u00e7me ba\u015far\u0131s\u0131 ve savunma ortas\u0131na yapt\u0131\u011f\u0131 ko\u015fularla da dikkat \u00e7ekiyor.\u00a0<\/p>\n<div>\u00a0<\/div>\n<\/div>\n","protected":false},"excerpt":{"rendered":"<p>Be\u015fikta\u015f idaresi, Ole Gunnar Solskjaer ile el s\u0131k\u0131\u015ft\u0131ktan sonra y\u00fck\u00fc orta transfere verdi. Siyah beyazl\u0131lar taraf\u0131n\u0131 Solskjaer&#8217;in memleketi Norve\u00e7&#8217;e d\u00f6nd\u00fcrd\u00fc. \u0130\u015fte ayr\u0131nt\u0131lar&#8230;<\/p>\n","protected":false},"author":1,"featured_media":8525,"comment_status":"open","ping_status":"open","sticky":false,"template":"","format":"standard","meta":{"footnotes":""},"categories":[25],"tags":[],"class_list":["post-8524","post","type-post","status-publish","format-standard","has-post-thumbnail","hentry","category-futbol"],"_links":{"self":[{"href":"https:\/\/haberbesiktas.tr\/index.php?rest_route=\/wp\/v2\/posts\/8524","targetHints":{"allow":["GET"]}}],"collection":[{"href":"https:\/\/haberbesiktas.tr\/index.php?rest_route=\/wp\/v2\/posts"}],"about":[{"href":"https:\/\/haberbesiktas.tr\/index.php?rest_route=\/wp\/v2\/types\/post"}],"author":[{"embeddable":true,"href":"https:\/\/haberbesiktas.tr\/index.php?rest_route=\/wp\/v2\/users\/1"}],"replies":[{"embeddable":true,"href":"https:\/\/haberbesiktas.tr\/index.php?rest_route=%2Fwp%2Fv2%2Fcomments&post=8524"}],"version-history":[{"count":1,"href":"https:\/\/haberbesiktas.tr\/index.php?rest_route=\/wp\/v2\/posts\/8524\/revisions"}],"predecessor-version":[{"id":8526,"href":"https:\/\/haberbesiktas.tr\/index.php?rest_route=\/wp\/v2\/posts\/8524\/revisions\/8526"}],"wp:featuredmedia":[{"embeddable":true,"href":"https:\/\/haberbesiktas.tr\/index.php?rest_route=\/wp\/v2\/media\/8525"}],"wp:attachment":[{"href":"https:\/\/haberbesiktas.tr\/index.php?rest_route=%2Fwp%2Fv2%2Fmedia&parent=8524"}],"wp:term":[{"taxonomy":"category","embeddable":true,"href":"https:\/\/haberbesiktas.tr\/index.php?rest_route=%2Fwp%2Fv2%2Fcategories&post=8524"},{"taxonomy":"post_tag","embeddable":true,"href":"https:\/\/haberbesiktas.tr\/index.php?rest_route=%2Fwp%2Fv2%2Ftags&post=8524"}],"curies":[{"name":"wp","href":"https:\/\/api.w.org\/{rel}","templated":true}]}}