{"id":8530,"date":"2025-02-13T11:36:11","date_gmt":"2025-02-13T11:36:11","guid":{"rendered":"https:\/\/haberbesiktas.tr\/?p=8530"},"modified":"2025-02-13T11:36:11","modified_gmt":"2025-02-13T11:36:11","slug":"jose-mourinhodan-szymanski-karari","status":"publish","type":"post","link":"https:\/\/haberbesiktas.tr\/?p=8530","title":{"rendered":"Jose Mourinho&#8217;dan Szymanski karar\u0131!"},"content":{"rendered":"<div>Son olarak S\u00fcper Lig&#8217;de Adana Demirspor&#8217;u 4-0 ma\u011flup eden Fenerbah\u00e7e&#8217;nin tak\u0131m\u0131nda Lyon ma\u00e7\u0131 \u00f6zelinde de\u011fi\u015fiklik bekleniyor.<\/p>\n<p> Savunmada bir\u00e7ok ismin olmay\u0131\u015f\u0131, teknik y\u00f6netici Jose Mourinho&#8217;yu zora sokmu\u015f durumda. Haftalard\u0131r 3&#8217;l\u00fc savunmay\u0131 ekibine oturtmaya \u00e7al\u0131\u015fan Portekizli hoca, UEFA Avrupa Ligi&#8217;nde tekrardan 4&#8217;l\u00fc sisteme mecburi olarak d\u00f6nebilir.<\/p>\n<p> Filip Kostic, Levent Mercan ve O\u011fuz Ayd\u0131n listeye dahil edilmedi\u011fi, Mert M\u00fcld\u00fcr de cezal\u0131 oldu\u011fu i\u00e7in Lyon kar\u015f\u0131s\u0131nda forma giyemeyecek.<\/p>\n<p> Sa\u011f bekte Osayi- Samuel, stoperde \u00c7a\u011flar ve Djiku vazife alacak. Sol bekte ise Szymanski&#8217;nin forma giymesi bekleniyor.\u00a0<\/p>\n<div>\u00a0<\/div>\n<\/div>\n","protected":false},"excerpt":{"rendered":"<p>Fenerbah\u00e7e Teknik Y\u00f6neticisi Jose Mourinho, Lyon ma\u00e7\u0131nda kimi zarur\u00ee de\u011fi\u015fiklikler yapacak.<\/p>\n","protected":false},"author":1,"featured_media":8531,"comment_status":"open","ping_status":"open","sticky":false,"template":"","format":"standard","meta":{"footnotes":""},"categories":[25],"tags":[],"class_list":["post-8530","post","type-post","status-publish","format-standard","has-post-thumbnail","hentry","category-futbol"],"_links":{"self":[{"href":"https:\/\/haberbesiktas.tr\/index.php?rest_route=\/wp\/v2\/posts\/8530","targetHints":{"allow":["GET"]}}],"collection":[{"href":"https:\/\/haberbesiktas.tr\/index.php?rest_route=\/wp\/v2\/posts"}],"about":[{"href":"https:\/\/haberbesiktas.tr\/index.php?rest_route=\/wp\/v2\/types\/post"}],"author":[{"embeddable":true,"href":"https:\/\/haberbesiktas.tr\/index.php?rest_route=\/wp\/v2\/users\/1"}],"replies":[{"embeddable":true,"href":"https:\/\/haberbesiktas.tr\/index.php?rest_route=%2Fwp%2Fv2%2Fcomments&post=8530"}],"version-history":[{"count":1,"href":"https:\/\/haberbesiktas.tr\/index.php?rest_route=\/wp\/v2\/posts\/8530\/revisions"}],"predecessor-version":[{"id":8532,"href":"https:\/\/haberbesiktas.tr\/index.php?rest_route=\/wp\/v2\/posts\/8530\/revisions\/8532"}],"wp:featuredmedia":[{"embeddable":true,"href":"https:\/\/haberbesiktas.tr\/index.php?rest_route=\/wp\/v2\/media\/8531"}],"wp:attachment":[{"href":"https:\/\/haberbesiktas.tr\/index.php?rest_route=%2Fwp%2Fv2%2Fmedia&parent=8530"}],"wp:term":[{"taxonomy":"category","embeddable":true,"href":"https:\/\/haberbesiktas.tr\/index.php?rest_route=%2Fwp%2Fv2%2Fcategories&post=8530"},{"taxonomy":"post_tag","embeddable":true,"href":"https:\/\/haberbesiktas.tr\/index.php?rest_route=%2Fwp%2Fv2%2Ftags&post=8530"}],"curies":[{"name":"wp","href":"https:\/\/api.w.org\/{rel}","templated":true}]}}