{"id":8542,"date":"2025-02-13T12:36:06","date_gmt":"2025-02-13T12:36:06","guid":{"rendered":"https:\/\/haberbesiktas.tr\/?p=8542"},"modified":"2025-02-13T12:36:06","modified_gmt":"2025-02-13T12:36:06","slug":"besiktasta-ayrilik-zamani","status":"publish","type":"post","link":"https:\/\/haberbesiktas.tr\/?p=8542","title":{"rendered":"Be\u015fikta\u015f&#8217;ta ayr\u0131l\u0131k zaman\u0131!"},"content":{"rendered":"<div>Be\u015fikta\u015f&#8217;ta talih bulamayan Alex Oxlade Chamberlain i\u00e7in \u00e7arp\u0131c\u0131 bir sav ortaya at\u0131ld\u0131.<\/p>\n<p> 31 ya\u015f\u0131ndaki \u0130ngiliz oyuncuyu Sheffield United&#8217;\u0131n istedi\u011fi kaydedildi. Alex&#8217;in menajerinin kul\u00fcplerle g\u00f6r\u00fc\u015fmelerini s\u00fcrd\u00fcrd\u00fc\u011f\u00fc aktar\u0131ld\u0131.<\/p>\n<p> <strong>YOLLAR KES\u0130N OLARAK AYRILACAK<\/strong><\/p>\n<p> Tecr\u00fcbeli oyuncunun piyasa k\u0131ymeti 2.3 milyon euro olarak g\u00f6steriliyor. Y\u0131ld\u0131z futbolcuyla yollar\u0131n ayr\u0131lmas\u0131na kesin g\u00f6z\u00fcyle bak\u0131l\u0131yor.<\/p>\n<p> Be\u015fikta\u015f&#8217;ta bu d\u00f6nem 5 ma\u00e7a \u00e7\u0131kan \u0130ngiliz y\u0131ld\u0131z, 1 gol kaydetti ve yaln\u0131zca 113 dakika m\u00fcddet alabildi.\u00a0\u00a0<\/p>\n<div>\u00a0<\/div>\n<\/div>\n","protected":false},"excerpt":{"rendered":"<p>Be\u015fikta\u015f&#8217;ta tak\u0131mda d\u00fc\u015f\u00fcn\u00fclmeyen Alex Oxlade Chamberlain&#8217;e \u0130ngiltere&#8217;den talip \u00e7\u0131kt\u0131. \u0130\u015fte ayr\u0131nt\u0131lar&#8230;<\/p>\n","protected":false},"author":1,"featured_media":8543,"comment_status":"open","ping_status":"open","sticky":false,"template":"","format":"standard","meta":{"footnotes":""},"categories":[25],"tags":[],"class_list":["post-8542","post","type-post","status-publish","format-standard","has-post-thumbnail","hentry","category-futbol"],"_links":{"self":[{"href":"https:\/\/haberbesiktas.tr\/index.php?rest_route=\/wp\/v2\/posts\/8542","targetHints":{"allow":["GET"]}}],"collection":[{"href":"https:\/\/haberbesiktas.tr\/index.php?rest_route=\/wp\/v2\/posts"}],"about":[{"href":"https:\/\/haberbesiktas.tr\/index.php?rest_route=\/wp\/v2\/types\/post"}],"author":[{"embeddable":true,"href":"https:\/\/haberbesiktas.tr\/index.php?rest_route=\/wp\/v2\/users\/1"}],"replies":[{"embeddable":true,"href":"https:\/\/haberbesiktas.tr\/index.php?rest_route=%2Fwp%2Fv2%2Fcomments&post=8542"}],"version-history":[{"count":1,"href":"https:\/\/haberbesiktas.tr\/index.php?rest_route=\/wp\/v2\/posts\/8542\/revisions"}],"predecessor-version":[{"id":8544,"href":"https:\/\/haberbesiktas.tr\/index.php?rest_route=\/wp\/v2\/posts\/8542\/revisions\/8544"}],"wp:featuredmedia":[{"embeddable":true,"href":"https:\/\/haberbesiktas.tr\/index.php?rest_route=\/wp\/v2\/media\/8543"}],"wp:attachment":[{"href":"https:\/\/haberbesiktas.tr\/index.php?rest_route=%2Fwp%2Fv2%2Fmedia&parent=8542"}],"wp:term":[{"taxonomy":"category","embeddable":true,"href":"https:\/\/haberbesiktas.tr\/index.php?rest_route=%2Fwp%2Fv2%2Fcategories&post=8542"},{"taxonomy":"post_tag","embeddable":true,"href":"https:\/\/haberbesiktas.tr\/index.php?rest_route=%2Fwp%2Fv2%2Ftags&post=8542"}],"curies":[{"name":"wp","href":"https:\/\/api.w.org\/{rel}","templated":true}]}}