{"id":8545,"date":"2025-02-13T12:48:04","date_gmt":"2025-02-13T12:48:04","guid":{"rendered":"https:\/\/haberbesiktas.tr\/?p=8545"},"modified":"2025-02-13T12:48:04","modified_gmt":"2025-02-13T12:48:04","slug":"dortmund-nuri-sahini-gonderdi","status":"publish","type":"post","link":"https:\/\/haberbesiktas.tr\/?p=8545","title":{"rendered":"Dortmund, Nuri \u015eahin&#8217;i g\u00f6nderdi!"},"content":{"rendered":"<div>Borussia Dortmund, Nuri \u015eahin&#8217;in misyonuna son verdi.<\/p>\n<p> Bild ve Sky Almanya&#8217;n\u0131n haberine nazaran; teknik y\u00f6netici Nuri \u015eahin derhal ge\u00e7erli olmak \u00fczere vazifesinden al\u0131nd\u0131. Bu karar, FC Bologna kar\u015f\u0131s\u0131nda al\u0131nan 2-1&#8217;lik \u015eampiyonlar Ligi ma\u011flubiyetinin akabinde geldi.<\/p>\n<p> \u0130talya&#8217;daki ma\u011flubiyet \u00fcst \u00fcste d\u00f6rd\u00fcnc\u00fc hezimet oldu. Sar\u0131-Siyahl\u0131lar bug\u00fcnk\u00fc ma\u00e7lar \u00f6ncesinde ligde 13. s\u0131raya, Bundesliga&#8217;da ise onuncu s\u0131raya geriledi. CL&#8217;ye kat\u0131lma amac\u0131ndan yedi puan uzakta ve bu nedenle \u00f6nemli bir tehlike alt\u0131nda.<\/p>\n<p> \u015eahin, alt\u0131 ayl\u0131k yard\u0131mc\u0131 antren\u00f6rl\u00fck vazifesinin akabinde ge\u00e7ti\u011fimiz yaz teknik y\u00f6neticilik misyonuna terfi etti. \u00c2l\u00e2 bir ba\u015flang\u0131c\u0131n akabinde, son haftalarda bariz bir d\u00fc\u015f\u00fc\u015f e\u011filimi kendini g\u00f6sterdi.<\/p>\n<p> <strong>DORTMUND&#8217;DA 5 ADAY VAR<\/strong><\/p>\n<p> Dortmund art\u0131k teknik y\u00f6netici de\u011fi\u015fikli\u011fiyle buna bir son vermek istiyor.<\/p>\n<p> Dortmund, yeni teknik y\u00f6neticinin kim oldu\u011funu belirlemedi lakin Bild&#8217;e nazaran Erik deri Hag, Urs Fischer, Niko Kovac, Roger Schmidt ve Sandro Wagner isimleriyle g\u00f6r\u00fc\u015fmeler yap\u0131lacak ve akabinde birinde karar k\u0131l\u0131nacak.<\/p>\n<\/div>\n","protected":false},"excerpt":{"rendered":"<p>Borussia Dortmund, \u00fcst \u00fcste gelen makus sonu\u00e7lar\u0131n akabinde Nuri \u015eahin&#8217;in vazifesine son verdi.<\/p>\n","protected":false},"author":1,"featured_media":8546,"comment_status":"open","ping_status":"open","sticky":false,"template":"","format":"standard","meta":{"footnotes":""},"categories":[25],"tags":[],"class_list":["post-8545","post","type-post","status-publish","format-standard","has-post-thumbnail","hentry","category-futbol"],"_links":{"self":[{"href":"https:\/\/haberbesiktas.tr\/index.php?rest_route=\/wp\/v2\/posts\/8545","targetHints":{"allow":["GET"]}}],"collection":[{"href":"https:\/\/haberbesiktas.tr\/index.php?rest_route=\/wp\/v2\/posts"}],"about":[{"href":"https:\/\/haberbesiktas.tr\/index.php?rest_route=\/wp\/v2\/types\/post"}],"author":[{"embeddable":true,"href":"https:\/\/haberbesiktas.tr\/index.php?rest_route=\/wp\/v2\/users\/1"}],"replies":[{"embeddable":true,"href":"https:\/\/haberbesiktas.tr\/index.php?rest_route=%2Fwp%2Fv2%2Fcomments&post=8545"}],"version-history":[{"count":1,"href":"https:\/\/haberbesiktas.tr\/index.php?rest_route=\/wp\/v2\/posts\/8545\/revisions"}],"predecessor-version":[{"id":8547,"href":"https:\/\/haberbesiktas.tr\/index.php?rest_route=\/wp\/v2\/posts\/8545\/revisions\/8547"}],"wp:featuredmedia":[{"embeddable":true,"href":"https:\/\/haberbesiktas.tr\/index.php?rest_route=\/wp\/v2\/media\/8546"}],"wp:attachment":[{"href":"https:\/\/haberbesiktas.tr\/index.php?rest_route=%2Fwp%2Fv2%2Fmedia&parent=8545"}],"wp:term":[{"taxonomy":"category","embeddable":true,"href":"https:\/\/haberbesiktas.tr\/index.php?rest_route=%2Fwp%2Fv2%2Fcategories&post=8545"},{"taxonomy":"post_tag","embeddable":true,"href":"https:\/\/haberbesiktas.tr\/index.php?rest_route=%2Fwp%2Fv2%2Ftags&post=8545"}],"curies":[{"name":"wp","href":"https:\/\/api.w.org\/{rel}","templated":true}]}}