{"id":8548,"date":"2025-02-13T13:00:08","date_gmt":"2025-02-13T13:00:08","guid":{"rendered":"https:\/\/haberbesiktas.tr\/?p=8548"},"modified":"2025-02-13T13:00:08","modified_gmt":"2025-02-13T13:00:08","slug":"anderson-talisca-icin-yeni-gelisme","status":"publish","type":"post","link":"https:\/\/haberbesiktas.tr\/?p=8548","title":{"rendered":"Anderson Talisca i\u00e7in yeni geli\u015fme!"},"content":{"rendered":"<div>Fenerbah\u00e7e&#8217;de transfer s\u00fcreci uzayan Anderson Talisca i\u00e7in yeni bir geli\u015fme ya\u015fand\u0131.<\/p>\n<p> Sar\u0131 lacivertli gruba kat\u0131laca\u011f\u0131 i\u00e7in kul\u00fcb\u00fcyle ma\u00e7lara \u00e7\u0131kmayan ve form durumu da her ge\u00e7en g\u00fcn d\u00fc\u015fen Brezilyal\u0131 y\u0131ld\u0131z\u0131n bir an evvel gelmesi i\u00e7in \u00e7al\u0131\u015fmalar s\u00fcr\u00fcyor.<\/p>\n<p> Kul\u00fcb\u00fc Al-Nassr ile alacaklar\u0131 konusunda orta yol bulamad\u0131\u011f\u0131 i\u00e7in gelmek istedi\u011fi Fenerbah\u00e7e&#8217;ye kat\u0131lmas\u0131 geciken Talisca t\u00fcm i\u015flerini k\u0131sa m\u00fcddet i\u00e7inde halledecek.<\/p>\n<p> <strong>KISA M\u00dcHLET \u0130\u00c7\u0130NDE GELECEK<\/strong><\/p>\n<p> Suudi Arabistan bas\u0131n\u0131ndan Okaz&#8217;da yer alan habere nazaran; Brezilyal\u0131 y\u0131ld\u0131z\u0131n 1-2 g\u00fcn i\u00e7inde Fenerbah\u00e7e i\u00e7in \u0130stanbul&#8217;a gelece\u011fi belirtildi. Son p\u00fcr\u00fczlerin giderilmesinin akabinde T\u00fcrkiye&#8217;ye gelecek olan Sambac\u0131, grubuyla \u00e7al\u0131\u015fmalara start verecek.<\/p>\n<p> <strong>F.BAH\u00c7E NE KADAR \u00d6DEYECEK?<\/strong><\/p>\n<p> Kiral\u0131k olarak gelmesi beklenen 30 ya\u015f\u0131ndaki futbolcunun bir aksilik olmazsa en ge\u00e7 gelecek hafta \u0130stanbul&#8217;da olaca\u011f\u0131 kestirim ediliyor. Transferde kiralama fiyat\u0131 \u00f6demeyecek olan sar\u0131-lacivertliler oyuncunun maa\u015f\u0131n\u0131n 5 milyon Euro&#8217;luk k\u0131sm\u0131n\u0131 \u00f6deyecek.<\/p>\n<p> <strong>MOURINHO RAHATSIZ<\/strong><\/p>\n<p> Anderson Talisca&#8217;n\u0131n bir an evvel kadroya kat\u0131lmas\u0131n\u0131 isteyen Fenerbah\u00e7e Teknik Y\u00f6neticisi Jose Mourinho ise y\u0131ld\u0131z oyuncunu asl\u0131nda ma\u00e7 formundan uzak oldu\u011fu i\u00e7in transfer s\u00fcrecinin uzamas\u0131ndan rahats\u0131zl\u0131k duyuyor.<\/p>\n<p> Bu d\u00f6nem Suudi Arabistan Ligi&#8217;nde 10 ma\u00e7a \u00e7\u0131kan Talisca, 6 kere gol sevinci ya\u015fad\u0131.\u00a0<\/p>\n<div>\u00a0<\/div>\n<\/div>\n","protected":false},"excerpt":{"rendered":"<p>Fenerbah\u00e7e&#8217;nin tak\u0131m\u0131na katmak i\u00e7in u\u011fra\u015ft\u0131\u011f\u0131 Anderson Talisca&#8217;n\u0131n 1-2 g\u00fcn i\u00e7inde T\u00fcrkiye&#8217;ye gelmesi bekleniyor. \u0130\u015fte ayr\u0131nt\u0131lar&#8230;<\/p>\n","protected":false},"author":1,"featured_media":8549,"comment_status":"open","ping_status":"open","sticky":false,"template":"","format":"standard","meta":{"footnotes":""},"categories":[25],"tags":[],"class_list":["post-8548","post","type-post","status-publish","format-standard","has-post-thumbnail","hentry","category-futbol"],"_links":{"self":[{"href":"https:\/\/haberbesiktas.tr\/index.php?rest_route=\/wp\/v2\/posts\/8548","targetHints":{"allow":["GET"]}}],"collection":[{"href":"https:\/\/haberbesiktas.tr\/index.php?rest_route=\/wp\/v2\/posts"}],"about":[{"href":"https:\/\/haberbesiktas.tr\/index.php?rest_route=\/wp\/v2\/types\/post"}],"author":[{"embeddable":true,"href":"https:\/\/haberbesiktas.tr\/index.php?rest_route=\/wp\/v2\/users\/1"}],"replies":[{"embeddable":true,"href":"https:\/\/haberbesiktas.tr\/index.php?rest_route=%2Fwp%2Fv2%2Fcomments&post=8548"}],"version-history":[{"count":1,"href":"https:\/\/haberbesiktas.tr\/index.php?rest_route=\/wp\/v2\/posts\/8548\/revisions"}],"predecessor-version":[{"id":8550,"href":"https:\/\/haberbesiktas.tr\/index.php?rest_route=\/wp\/v2\/posts\/8548\/revisions\/8550"}],"wp:featuredmedia":[{"embeddable":true,"href":"https:\/\/haberbesiktas.tr\/index.php?rest_route=\/wp\/v2\/media\/8549"}],"wp:attachment":[{"href":"https:\/\/haberbesiktas.tr\/index.php?rest_route=%2Fwp%2Fv2%2Fmedia&parent=8548"}],"wp:term":[{"taxonomy":"category","embeddable":true,"href":"https:\/\/haberbesiktas.tr\/index.php?rest_route=%2Fwp%2Fv2%2Fcategories&post=8548"},{"taxonomy":"post_tag","embeddable":true,"href":"https:\/\/haberbesiktas.tr\/index.php?rest_route=%2Fwp%2Fv2%2Ftags&post=8548"}],"curies":[{"name":"wp","href":"https:\/\/api.w.org\/{rel}","templated":true}]}}