{"id":8554,"date":"2025-02-13T14:12:07","date_gmt":"2025-02-13T14:12:07","guid":{"rendered":"https:\/\/haberbesiktas.tr\/?p=8554"},"modified":"2025-02-13T14:12:07","modified_gmt":"2025-02-13T14:12:07","slug":"fenerbahce-ayrilik-icin-izin-verdi","status":"publish","type":"post","link":"https:\/\/haberbesiktas.tr\/?p=8554","title":{"rendered":"Fenerbah\u00e7e ayr\u0131l\u0131k i\u00e7in izin verdi!"},"content":{"rendered":"<div>Fenerbah\u00e7e&#8217;de performans\u0131 ele\u015ftirilen Samet Akaydin i\u00e7in karar verildi.<\/p>\n<p> Lincoln Henrique ile kiral\u0131k olarak yollar\u0131n\u0131 ay\u0131ran Fenerbah\u00e7e, Samet Akaydin&#8217;i de ekipten g\u00f6nderecek.<\/p>\n<p> <strong>TRANSFER \u0130\u00c7\u0130N M\u00dcSAADE VER\u0130LD\u0130<\/strong><\/p>\n<p> Performans\u0131yla tart\u0131\u015fma konusu olan 30 ya\u015f\u0131ndaki stopere transfer g\u00f6r\u00fc\u015fmeleri yapmas\u0131 i\u00e7in m\u00fcsaade verildi. Ulusal futbolcu, k\u0131sa m\u00fcddet i\u00e7inde yeni adresini belirleyecek.<\/p>\n<p> 30 ya\u015f\u0131ndaki savunmac\u0131, 2023 y\u0131l\u0131nda 3,7 milyon euroya Adana Demirspor&#8217;dan transfer edildi. Bu d\u00f6nem Fenerbah\u00e7e formas\u0131n\u0131 7 sefer terleten Samet Akaydin, 1 gol kaydetti.\u00a0<\/p>\n<div>\u00a0<\/div>\n<\/div>\n","protected":false},"excerpt":{"rendered":"<p>Fenerbah\u00e7e idaresi, grupta d\u00fc\u015f\u00fcn\u00fclmeyen Samet Akaydin&#8217;a transfer g\u00f6r\u00fc\u015fmeleri yapmas\u0131 i\u00e7in m\u00fcsaade verdi. \u0130\u015fte ayr\u0131nt\u0131lar&#8230;<\/p>\n","protected":false},"author":1,"featured_media":8555,"comment_status":"open","ping_status":"open","sticky":false,"template":"","format":"standard","meta":{"footnotes":""},"categories":[25],"tags":[],"class_list":["post-8554","post","type-post","status-publish","format-standard","has-post-thumbnail","hentry","category-futbol"],"_links":{"self":[{"href":"https:\/\/haberbesiktas.tr\/index.php?rest_route=\/wp\/v2\/posts\/8554","targetHints":{"allow":["GET"]}}],"collection":[{"href":"https:\/\/haberbesiktas.tr\/index.php?rest_route=\/wp\/v2\/posts"}],"about":[{"href":"https:\/\/haberbesiktas.tr\/index.php?rest_route=\/wp\/v2\/types\/post"}],"author":[{"embeddable":true,"href":"https:\/\/haberbesiktas.tr\/index.php?rest_route=\/wp\/v2\/users\/1"}],"replies":[{"embeddable":true,"href":"https:\/\/haberbesiktas.tr\/index.php?rest_route=%2Fwp%2Fv2%2Fcomments&post=8554"}],"version-history":[{"count":1,"href":"https:\/\/haberbesiktas.tr\/index.php?rest_route=\/wp\/v2\/posts\/8554\/revisions"}],"predecessor-version":[{"id":8556,"href":"https:\/\/haberbesiktas.tr\/index.php?rest_route=\/wp\/v2\/posts\/8554\/revisions\/8556"}],"wp:featuredmedia":[{"embeddable":true,"href":"https:\/\/haberbesiktas.tr\/index.php?rest_route=\/wp\/v2\/media\/8555"}],"wp:attachment":[{"href":"https:\/\/haberbesiktas.tr\/index.php?rest_route=%2Fwp%2Fv2%2Fmedia&parent=8554"}],"wp:term":[{"taxonomy":"category","embeddable":true,"href":"https:\/\/haberbesiktas.tr\/index.php?rest_route=%2Fwp%2Fv2%2Fcategories&post=8554"},{"taxonomy":"post_tag","embeddable":true,"href":"https:\/\/haberbesiktas.tr\/index.php?rest_route=%2Fwp%2Fv2%2Ftags&post=8554"}],"curies":[{"name":"wp","href":"https:\/\/api.w.org\/{rel}","templated":true}]}}