{"id":8557,"date":"2025-02-13T14:24:05","date_gmt":"2025-02-13T14:24:05","guid":{"rendered":"https:\/\/haberbesiktas.tr\/?p=8557"},"modified":"2025-02-13T14:24:05","modified_gmt":"2025-02-13T14:24:05","slug":"besiktas-taraftarindan-anlamli-hareket","status":"publish","type":"post","link":"https:\/\/haberbesiktas.tr\/?p=8557","title":{"rendered":"Be\u015fikta\u015f taraftar\u0131ndan anlaml\u0131 hareket!"},"content":{"rendered":"<div>Be\u015fikta\u015f trib\u00fcnleri, Bolu&#8217;da ya\u015fanan yang\u0131n facias\u0131 sebebiyle Bilbao ma\u00e7\u0131nda manal\u0131 bir harekete imza atacak.<\/p>\n<p> Taraftarlar, bu ak\u015fam oynanacak Athletic Bilbao ma\u00e7\u0131n\u0131n birinci 1 dakikas\u0131nda Bolu&#8217;daki yang\u0131n nedeniyle sessiz kalacak.<\/p>\n<p> Be\u015fikta\u015f taraftar k\u00fcmesinden yap\u0131lan a\u00e7\u0131klamada, &#8220;Bolu&#8217;da ya\u015fanan elim faciada hayatlar\u0131n\u0131 kaybeden t\u00fcm canlar\u0131m\u0131z i\u00e7in, t\u00fcm taraftarlar\u0131m\u0131z\u0131n i\u015ftirakiyle 1 dakika sessizlik ger\u00e7ekle\u015ftirilecektir. Bu vesileyle, kaybetti\u011fimiz canlara olan h\u00fcrmetimizi g\u00f6sterecek ve onlar\u0131n an\u0131s\u0131n\u0131\u00a0ya\u015fataca\u011f\u0131z.&#8221; tabirleri kullan\u0131ld\u0131.<\/p>\n<\/div>\n","protected":false},"excerpt":{"rendered":"<p>Be\u015fikta\u015f trib\u00fcnleri, bu ak\u015fam oynanacak Athletic Bilbao ma\u00e7\u0131n\u0131n birinci 1 dakikas\u0131nda Bolu&#8217;daki yang\u0131n nedeniyle sessiz kalacak.<\/p>\n","protected":false},"author":1,"featured_media":8558,"comment_status":"open","ping_status":"open","sticky":false,"template":"","format":"standard","meta":{"footnotes":""},"categories":[25],"tags":[],"class_list":["post-8557","post","type-post","status-publish","format-standard","has-post-thumbnail","hentry","category-futbol"],"_links":{"self":[{"href":"https:\/\/haberbesiktas.tr\/index.php?rest_route=\/wp\/v2\/posts\/8557","targetHints":{"allow":["GET"]}}],"collection":[{"href":"https:\/\/haberbesiktas.tr\/index.php?rest_route=\/wp\/v2\/posts"}],"about":[{"href":"https:\/\/haberbesiktas.tr\/index.php?rest_route=\/wp\/v2\/types\/post"}],"author":[{"embeddable":true,"href":"https:\/\/haberbesiktas.tr\/index.php?rest_route=\/wp\/v2\/users\/1"}],"replies":[{"embeddable":true,"href":"https:\/\/haberbesiktas.tr\/index.php?rest_route=%2Fwp%2Fv2%2Fcomments&post=8557"}],"version-history":[{"count":1,"href":"https:\/\/haberbesiktas.tr\/index.php?rest_route=\/wp\/v2\/posts\/8557\/revisions"}],"predecessor-version":[{"id":8559,"href":"https:\/\/haberbesiktas.tr\/index.php?rest_route=\/wp\/v2\/posts\/8557\/revisions\/8559"}],"wp:featuredmedia":[{"embeddable":true,"href":"https:\/\/haberbesiktas.tr\/index.php?rest_route=\/wp\/v2\/media\/8558"}],"wp:attachment":[{"href":"https:\/\/haberbesiktas.tr\/index.php?rest_route=%2Fwp%2Fv2%2Fmedia&parent=8557"}],"wp:term":[{"taxonomy":"category","embeddable":true,"href":"https:\/\/haberbesiktas.tr\/index.php?rest_route=%2Fwp%2Fv2%2Fcategories&post=8557"},{"taxonomy":"post_tag","embeddable":true,"href":"https:\/\/haberbesiktas.tr\/index.php?rest_route=%2Fwp%2Fv2%2Ftags&post=8557"}],"curies":[{"name":"wp","href":"https:\/\/api.w.org\/{rel}","templated":true}]}}