{"id":8560,"date":"2025-02-13T14:36:08","date_gmt":"2025-02-13T14:36:08","guid":{"rendered":"https:\/\/haberbesiktas.tr\/?p=8560"},"modified":"2025-02-13T14:36:08","modified_gmt":"2025-02-13T14:36:08","slug":"lage-kerem-akturkoglu-ve-arkadaslarini-azarladi","status":"publish","type":"post","link":"https:\/\/haberbesiktas.tr\/?p=8560","title":{"rendered":"Lage, Kerem Akt\u00fcrko\u011flu ve arkada\u015flar\u0131n\u0131 azarlad\u0131!"},"content":{"rendered":"<div>UEFA \u015eampiyonlar Ligi&#8217;nin 7. haftas\u0131nda Benfica, alan\u0131nda Barcelona ile kar\u015f\u0131 kar\u015f\u0131ya geldi. Estadio da Luz&#8217;daki ma\u00e7\u0131 Barcelona, 5-4&#8217;l\u00fck skorla kazand\u0131.<\/p>\n<p> Benfica, ikinci dakikada Vangelis Pavlidis ile \u00f6ne ge\u00e7ti. Barcelona&#8217;da Robert Lewandowski, 13. dakikada kulland\u0131\u011f\u0131 penalt\u0131da skoru 1-1 yapt\u0131. Benfica&#8217;da Pavlidis, 22&#8217;de ve 30. dakikada penalt\u0131dan buldu\u011fu gollerle durumu 3-1&#8217;e getirdi. Barcelona, 64. dakikada Raphinha ile 3-2&#8217;yi buldu. Benfica 68. dakikada Ronald Araujo&#8217;nun kendi kalesine att\u0131\u011f\u0131 golle skoru 4-2&#8217;ye getirdi.<\/p>\n<p> Barcelona, 78&#8217;de Robert Lewandowski&#8217;nin att\u0131\u011f\u0131 penalt\u0131 gol\u00fcyle durumu 4-3 yapt\u0131. Barcelona, Eric Garcia&#8217;n\u0131n 86. dakikada att\u0131\u011f\u0131 golle 4-4&#8217;\u00fc buldu. Bask\u0131s\u0131n\u0131 s\u00fcrd\u00fcren Barcelona, Raphinha&#8217;n\u0131n 90+6&#8217;daki gol\u00fcyle ma\u00e7\u0131 5-4 kazand\u0131. Benfica&#8217;da Arthur Cabral, 90+8&#8217;de yedek kul\u00fcbesinde k\u0131rm\u0131z\u0131 kart g\u00f6rd\u00fc.<\/p>\n<p> <strong>KEREM PENALTI KAZANDIRDI<\/strong><\/p>\n<p> Benfica&#8217;da Kerem Akt\u00fcrko\u011flu ve Orkun K\u00f6k\u00e7\u00fc gayrete birinci 11&#8217;de ba\u015flad\u0131. Ulusal futbolcu Kerem Akt\u00fcrko\u011flu, Portekiz kul\u00fcb\u00fcn\u00fcn kazand\u0131\u011f\u0131 penalt\u0131y\u0131 yapt\u0131ran isim oldu.<\/p>\n<p> <strong>FUTBOLCULARI ALANDA AZARLADI<\/strong><\/p>\n<p> Benfica&#8217;n\u0131n Portekizli teknik y\u00f6neticisi Bruno Lage, ma\u011flubiyet sonras\u0131 t\u00fcm futbolcular\u0131 alanda toplad\u0131. Lage&#8217;nin oyuncular\u0131n\u0131 azarlad\u0131\u011f\u0131 imaj k\u0131sa m\u00fcddette g\u00fcndem oldu.<\/p>\n<p> \u015eampiyonlar Ligi&#8217;ndeki 7. ma\u00e7\u0131nda 3. ma\u011flubiyetini alan Benfica 10 puanla 18. s\u0131rada yer al\u0131rken Barcelona puan\u0131n\u0131 18&#8217;e y\u00fckselterek 2. s\u0131radaki yerini korudu.<\/p>\n<p>https:\/\/twitter.com\/sporxtv\/status\/1881974239416496452<\/p>\n<\/p><\/div>\n","protected":false},"excerpt":{"rendered":"<p>Orkun K\u00f6k\u00e7\u00fc ve Kerem Akt\u00fcrko\u011flu&#8217;nun formas\u0131n\u0131 giydi\u011fi Benfica&#8217;da teknik y\u00f6netici Bruno Lage, Barcelona yenilgisi sonras\u0131 oyuncular\u0131n\u0131 saha ortas\u0131nda azarlad\u0131<\/p>\n","protected":false},"author":1,"featured_media":8561,"comment_status":"open","ping_status":"open","sticky":false,"template":"","format":"standard","meta":{"footnotes":""},"categories":[25],"tags":[307,309,303],"class_list":["post-8560","post","type-post","status-publish","format-standard","has-post-thumbnail","hentry","category-futbol","tag-barcelona","tag-benfica","tag-penalti"],"_links":{"self":[{"href":"https:\/\/haberbesiktas.tr\/index.php?rest_route=\/wp\/v2\/posts\/8560","targetHints":{"allow":["GET"]}}],"collection":[{"href":"https:\/\/haberbesiktas.tr\/index.php?rest_route=\/wp\/v2\/posts"}],"about":[{"href":"https:\/\/haberbesiktas.tr\/index.php?rest_route=\/wp\/v2\/types\/post"}],"author":[{"embeddable":true,"href":"https:\/\/haberbesiktas.tr\/index.php?rest_route=\/wp\/v2\/users\/1"}],"replies":[{"embeddable":true,"href":"https:\/\/haberbesiktas.tr\/index.php?rest_route=%2Fwp%2Fv2%2Fcomments&post=8560"}],"version-history":[{"count":1,"href":"https:\/\/haberbesiktas.tr\/index.php?rest_route=\/wp\/v2\/posts\/8560\/revisions"}],"predecessor-version":[{"id":8562,"href":"https:\/\/haberbesiktas.tr\/index.php?rest_route=\/wp\/v2\/posts\/8560\/revisions\/8562"}],"wp:featuredmedia":[{"embeddable":true,"href":"https:\/\/haberbesiktas.tr\/index.php?rest_route=\/wp\/v2\/media\/8561"}],"wp:attachment":[{"href":"https:\/\/haberbesiktas.tr\/index.php?rest_route=%2Fwp%2Fv2%2Fmedia&parent=8560"}],"wp:term":[{"taxonomy":"category","embeddable":true,"href":"https:\/\/haberbesiktas.tr\/index.php?rest_route=%2Fwp%2Fv2%2Fcategories&post=8560"},{"taxonomy":"post_tag","embeddable":true,"href":"https:\/\/haberbesiktas.tr\/index.php?rest_route=%2Fwp%2Fv2%2Ftags&post=8560"}],"curies":[{"name":"wp","href":"https:\/\/api.w.org\/{rel}","templated":true}]}}