{"id":8563,"date":"2025-02-13T14:48:06","date_gmt":"2025-02-13T14:48:06","guid":{"rendered":"https:\/\/haberbesiktas.tr\/?p=8563"},"modified":"2025-02-13T14:48:06","modified_gmt":"2025-02-13T14:48:06","slug":"persepolis-baskani-ismail-kartal-ile-imza-icin-geldi","status":"publish","type":"post","link":"https:\/\/haberbesiktas.tr\/?p=8563","title":{"rendered":"Persepolis Ba\u015fkan\u0131, \u0130smail Kartal ile imza i\u00e7in geldi"},"content":{"rendered":"<div>\u0130ran Ligi kadrolar\u0131ndan Persepolis&#8217;in lideri Reza Darvish, \u0130smail Kartal ile mukavele imzalamak i\u00e7in T\u00fcrkiye&#8217;ye geldi.<\/p>\n<p> Tasnim Haber Ajans\u0131, \u0130stanbul&#8217;da olan Reza Darvish&#8217;in, 63 ya\u015f\u0131ndaki teknik y\u00f6neticiyle yapt\u0131\u011f\u0131 g\u00f6r\u00fc\u015fmelerde by\u00fck oranda mutabakat sa\u011flad\u0131\u011f\u0131n\u0131 duyurdu.<\/p>\n<p> \u0130ran haber ajans\u0131n\u0131n haberinde, \u0130smail Kartal&#8217;\u0131n \u00fc\u00e7 yard\u0131mc\u0131s\u0131yla birlikte yeni kul\u00fcb\u00fcnde misyona ba\u015flayaca\u011f\u0131 belirtildi.<\/p>\n<p> Persepolis&#8217;in \u0130smail Kartal&#8217;a 1,5 y\u0131l i\u00e7in 2.2 milyon dolar maa\u015f verece\u011fi kaydedildi.<\/p>\n<p> <strong>PERSEPOL\u0130S&#8217;\u0130N L\u0130GDEK\u0130 DURUMU<\/strong><\/p>\n<p> \u0130ran Ligi&#8217;nde \u015fampiyonluk u\u011fra\u015f\u0131 veren Persepolis d\u00f6nemin birinci yar\u0131s\u0131n\u0131 \u00f6nder Trakt\u00f6r&#8217;\u00fcn 3 puan gerisinde 29 puanla \u00fc\u00e7\u00fcnc\u00fc s\u0131rada tamamlad\u0131.<\/p>\n<p> <strong>FENERBAH\u00c7E TAR\u0130H\u0130NE GE\u00c7T\u0130<\/strong><\/p>\n<p> S\u00fcper Lig&#8217;de ge\u00e7ti\u011fimiz d\u00f6nem 99 puan toplayan \u0130smail Kartal, 2.61 puan ortalamas\u0131yla Fenerbah\u00e7e tarihinin en ba\u015far\u0131l\u0131 performans\u0131n\u0131 elde etmi\u015fti.<\/p>\n<p> <strong>MUSTAFA DEN\u0130ZL\u0130 DE \u00c7ALI\u015eTIRDI<\/strong><\/p>\n<p> Hat\u0131rlanaca\u011f\u0131 \u00fczere Mustafa Denizli 2006-2007 ve 2011-2012 y\u0131llar\u0131nda Persepolis&#8217;te iki periyot vazife alm\u0131\u015ft\u0131.<\/p>\n<\/div>\n","protected":false},"excerpt":{"rendered":"<p>Persepolis Ba\u015fkan\u0131 Reza Darvish, \u0130smail Kartal ile kontrat imzalamak i\u00e7in \u0130stanbul&#8217;a geldi. Ayr\u0131nt\u0131lar&#8230;<\/p>\n","protected":false},"author":1,"featured_media":8564,"comment_status":"open","ping_status":"open","sticky":false,"template":"","format":"standard","meta":{"footnotes":""},"categories":[25],"tags":[1009],"class_list":["post-8563","post","type-post","status-publish","format-standard","has-post-thumbnail","hentry","category-futbol","tag-persepolis"],"_links":{"self":[{"href":"https:\/\/haberbesiktas.tr\/index.php?rest_route=\/wp\/v2\/posts\/8563","targetHints":{"allow":["GET"]}}],"collection":[{"href":"https:\/\/haberbesiktas.tr\/index.php?rest_route=\/wp\/v2\/posts"}],"about":[{"href":"https:\/\/haberbesiktas.tr\/index.php?rest_route=\/wp\/v2\/types\/post"}],"author":[{"embeddable":true,"href":"https:\/\/haberbesiktas.tr\/index.php?rest_route=\/wp\/v2\/users\/1"}],"replies":[{"embeddable":true,"href":"https:\/\/haberbesiktas.tr\/index.php?rest_route=%2Fwp%2Fv2%2Fcomments&post=8563"}],"version-history":[{"count":1,"href":"https:\/\/haberbesiktas.tr\/index.php?rest_route=\/wp\/v2\/posts\/8563\/revisions"}],"predecessor-version":[{"id":8565,"href":"https:\/\/haberbesiktas.tr\/index.php?rest_route=\/wp\/v2\/posts\/8563\/revisions\/8565"}],"wp:featuredmedia":[{"embeddable":true,"href":"https:\/\/haberbesiktas.tr\/index.php?rest_route=\/wp\/v2\/media\/8564"}],"wp:attachment":[{"href":"https:\/\/haberbesiktas.tr\/index.php?rest_route=%2Fwp%2Fv2%2Fmedia&parent=8563"}],"wp:term":[{"taxonomy":"category","embeddable":true,"href":"https:\/\/haberbesiktas.tr\/index.php?rest_route=%2Fwp%2Fv2%2Fcategories&post=8563"},{"taxonomy":"post_tag","embeddable":true,"href":"https:\/\/haberbesiktas.tr\/index.php?rest_route=%2Fwp%2Fv2%2Ftags&post=8563"}],"curies":[{"name":"wp","href":"https:\/\/api.w.org\/{rel}","templated":true}]}}