{"id":8660,"date":"2025-02-13T23:48:06","date_gmt":"2025-02-13T23:48:06","guid":{"rendered":"https:\/\/haberbesiktas.tr\/?p=8660"},"modified":"2025-02-13T23:48:06","modified_gmt":"2025-02-13T23:48:06","slug":"galatasaray-bugun-menajeriyle-gorusecek","status":"publish","type":"post","link":"https:\/\/haberbesiktas.tr\/?p=8660","title":{"rendered":"Galatasaray, bug\u00fcn menajeriyle g\u00f6r\u00fc\u015fecek!"},"content":{"rendered":"<div>Galatasaray&#8217;da transfer \u00e7al\u0131\u015fmalar\u0131 s\u00fcr\u00fcyor. \u00d6n b\u00f6lge i\u00e7in destek yapmak isteyen Galatasaray, arad\u0131\u011f\u0131 oyuncuyu S\u00fcper Lig&#8217;de buldu.<\/p>\n<p> ikas Ey\u00fcpspor formas\u0131 giyen Ahmed Kutucu ile ilgilenen Sar\u0131-k\u0131rm\u0131z\u0131l\u0131 grup, bu transferde sona yakla\u015ft\u0131.<\/p>\n<p> Ahmed Kutucu transferi i\u00e7in Ey\u00fcpspor ve Galatasaray prensipte anla\u015ft\u0131. Transfer 6 milyon Euro bonservis bedeli kar\u015f\u0131l\u0131\u011f\u0131nda ger\u00e7ekle\u015fecek.<\/p>\n<p> <strong>BUG\u00dcN MENAJER\u0130YLE G\u00d6R\u00dc\u015e\u00dcLECEK<\/strong><\/p>\n<p> Galatasaray idaresi ve Ahmed Kutucu&#8217;nun menajeri mukavele ayr\u0131nt\u0131lar\u0131n\u0131 g\u00f6r\u00fc\u015fmek i\u00e7in bug\u00fcn (22 Ocak \u00c7ar\u015famba) bir ortaya gelecek.<\/p>\n<p>https:\/\/twitter.com\/sporx\/status\/1881656661158555826<\/p>\n<p>  <strong>BU D\u00d6NEM 8 GOL 7 AS\u0130ST<\/strong><\/p>\n<p> 24 ya\u015f\u0131ndaki oyuncu, bu sezon S\u00fcper Lig&#8217;de \u00e7\u0131kt\u0131\u011f\u0131 18 ma\u00e7ta 8 gol 7 asistlik performans sergiledi.<\/p>\n<p> <strong>&#8220;GALATASARAY \u0130LE Y\u00dcZDE 80 ORANINDA ANLA\u015eTIK&#8221;<\/strong><\/p>\n<p> Ey\u00fcpspor Asba\u015fkan\u0131 Fatih Kulaks\u0131z, A Spor&#8217;a yapt\u0131\u011f\u0131 a\u00e7\u0131klamada Galatasaray ile b\u00fcy\u00fck oranda anla\u015ft\u0131klar\u0131n\u0131 a\u00e7\u0131klad\u0131.<\/p>\n<p> Fatih Kulaks\u0131z yapt\u0131\u011f\u0131 a\u00e7\u0131klamada, &#8220;Ahmet Kutucu i\u00e7in Galatasaray ile % 80&#8217;lere geldik. \u015eimdi bitmi\u015f resmiyete d\u00f6kmedik. 24 saat i\u00e7erisinde bu transferin netlik kazanaca\u011f\u0131n\u0131 d\u00fc\u015f\u00fcn\u00fcyorum. Pazarl\u0131kla ilgili bir sorun yok. Oyuncu taraf\u0131yla g\u00f6r\u00fc\u015f\u00fclecek. Galatasaray&#8217;la \u00e7ok k\u00fc\u00e7\u00fck ayr\u0131nt\u0131lar kald\u0131. Onlar\u0131 da g\u00f6r\u00fc\u015ft\u00fckten sonra sizi bilgilendirece\u011fiz.&#8221; s\u00f6zlerini kulland\u0131.<\/p>\n<\/div>\n","protected":false},"excerpt":{"rendered":"<p>Galatasaray, ikas Ey\u00fcpspor formas\u0131 giyen Ahmed Kutucu transferinde sona yakla\u015ft\u0131. \u0130\u015fte son geli\u015fmeler&#8230;<\/p>\n","protected":false},"author":1,"featured_media":8661,"comment_status":"open","ping_status":"open","sticky":false,"template":"","format":"standard","meta":{"footnotes":""},"categories":[25],"tags":[129,48],"class_list":["post-8660","post","type-post","status-publish","format-standard","has-post-thumbnail","hentry","category-futbol","tag-galatasaray","tag-transfer"],"_links":{"self":[{"href":"https:\/\/haberbesiktas.tr\/index.php?rest_route=\/wp\/v2\/posts\/8660","targetHints":{"allow":["GET"]}}],"collection":[{"href":"https:\/\/haberbesiktas.tr\/index.php?rest_route=\/wp\/v2\/posts"}],"about":[{"href":"https:\/\/haberbesiktas.tr\/index.php?rest_route=\/wp\/v2\/types\/post"}],"author":[{"embeddable":true,"href":"https:\/\/haberbesiktas.tr\/index.php?rest_route=\/wp\/v2\/users\/1"}],"replies":[{"embeddable":true,"href":"https:\/\/haberbesiktas.tr\/index.php?rest_route=%2Fwp%2Fv2%2Fcomments&post=8660"}],"version-history":[{"count":1,"href":"https:\/\/haberbesiktas.tr\/index.php?rest_route=\/wp\/v2\/posts\/8660\/revisions"}],"predecessor-version":[{"id":8662,"href":"https:\/\/haberbesiktas.tr\/index.php?rest_route=\/wp\/v2\/posts\/8660\/revisions\/8662"}],"wp:featuredmedia":[{"embeddable":true,"href":"https:\/\/haberbesiktas.tr\/index.php?rest_route=\/wp\/v2\/media\/8661"}],"wp:attachment":[{"href":"https:\/\/haberbesiktas.tr\/index.php?rest_route=%2Fwp%2Fv2%2Fmedia&parent=8660"}],"wp:term":[{"taxonomy":"category","embeddable":true,"href":"https:\/\/haberbesiktas.tr\/index.php?rest_route=%2Fwp%2Fv2%2Fcategories&post=8660"},{"taxonomy":"post_tag","embeddable":true,"href":"https:\/\/haberbesiktas.tr\/index.php?rest_route=%2Fwp%2Fv2%2Ftags&post=8660"}],"curies":[{"name":"wp","href":"https:\/\/api.w.org\/{rel}","templated":true}]}}